{"id":63983,"date":"2019-10-31T17:48:34","date_gmt":"2019-10-31T15:48:34","guid":{"rendered":"https:\/\/www.giurgiuveanul.ro\/stiri\/?p=63983"},"modified":"2019-10-31T17:50:47","modified_gmt":"2019-10-31T15:50:47","slug":"tanara-giurgiuveanca-prinsa-fara-permis-la-volan","status":"publish","type":"post","link":"https:\/\/www.giurgiuveanul.ro\/stiri\/tanara-giurgiuveanca-prinsa-fara-permis-la-volan\/","title":{"rendered":"T\u00e2n\u0103r\u0103 giurgiuveanc\u0103 &#8211; prins\u0103 f\u0103r\u0103 permis la volan!"},"content":{"rendered":"<p style=\"text-align: justify;\"><strong><a href=\"https:\/\/www.giurgiuveanul.ro\/stiri\/wp-content\/uploads\/2019\/10\/33e37dfbcadfde5fcb012c07cad2099d.jpg\"><img loading=\"lazy\" decoding=\"async\" class=\"aligncenter size-large wp-image-63987\" src=\"https:\/\/www.giurgiuveanul.ro\/stiri\/wp-content\/uploads\/2019\/10\/33e37dfbcadfde5fcb012c07cad2099d-560x315.jpg\" alt=\"33e37dfbcadfde5fcb012c07cad2099d\" width=\"560\" height=\"315\" srcset=\"https:\/\/www.giurgiuveanul.ro\/stiri\/wp-content\/uploads\/2019\/10\/33e37dfbcadfde5fcb012c07cad2099d-560x315.jpg 560w, https:\/\/www.giurgiuveanul.ro\/stiri\/wp-content\/uploads\/2019\/10\/33e37dfbcadfde5fcb012c07cad2099d-250x141.jpg 250w, https:\/\/www.giurgiuveanul.ro\/stiri\/wp-content\/uploads\/2019\/10\/33e37dfbcadfde5fcb012c07cad2099d-400x225.jpg 400w, https:\/\/www.giurgiuveanul.ro\/stiri\/wp-content\/uploads\/2019\/10\/33e37dfbcadfde5fcb012c07cad2099d.jpg 640w\" sizes=\"auto, (max-width: 560px) 100vw, 560px\" \/><\/a>O t\u00e2n\u0103r\u0103,<!--more-->de 19 ani, este cercetat\u0103 de poli\u021bi\u0219tii giurgiuveni, dup\u0103 ce a fost depistat\u0103 la volanul unui autoturism, de\u0219i nu poseda permis de conducere pentru nicio categorie de vehicule.<\/strong><\/p>\n<p style=\"text-align: justify;\">Miercuri, 30 octombrie a.c., ora 23.30, poli\u021bi\u0219tii au depistat \u00een trafic, pe Bulevardul Ion I. C. Br\u0103tianu, din municipiul Giurgiu, o t\u00e2n\u0103r\u0103 de 19 ani, din municipiul Giurgiu, \u00een timp ce conducea un autoturism, f\u0103r\u0103 a poseda permis de conducere pentru nicio categorie de vehicule.<\/p>\n<p style=\"text-align: justify;\">\u00cen cauz\u0103, s-a \u00eentocmit dosar penal \u00een care se efectueaz\u0103 cercet\u0103ri sub aspectul s\u0103v\u00e2r\u0219irii infrac\u021biunii de conducere a unui vehicul pe drumurile publice f\u0103r\u0103 a poseda permis de conducere.<\/p>\n","protected":false},"excerpt":{"rendered":"<p>O t\u00e2n\u0103r\u0103,<\/p>\n","protected":false},"author":1,"featured_media":0,"comment_status":"open","ping_status":"open","sticky":false,"template":"","format":"standard","meta":{"footnotes":""},"categories":[6],"tags":[],"class_list":["post-63983","post","type-post","status-publish","format-standard","hentry","category-breaking-news"],"_links":{"self":[{"href":"https:\/\/www.giurgiuveanul.ro\/stiri\/wp-json\/wp\/v2\/posts\/63983","targetHints":{"allow":["GET"]}}],"collection":[{"href":"https:\/\/www.giurgiuveanul.ro\/stiri\/wp-json\/wp\/v2\/posts"}],"about":[{"href":"https:\/\/www.giurgiuveanul.ro\/stiri\/wp-json\/wp\/v2\/types\/post"}],"author":[{"embeddable":true,"href":"https:\/\/www.giurgiuveanul.ro\/stiri\/wp-json\/wp\/v2\/users\/1"}],"replies":[{"embeddable":true,"href":"https:\/\/www.giurgiuveanul.ro\/stiri\/wp-json\/wp\/v2\/comments?post=63983"}],"version-history":[{"count":0,"href":"https:\/\/www.giurgiuveanul.ro\/stiri\/wp-json\/wp\/v2\/posts\/63983\/revisions"}],"wp:attachment":[{"href":"https:\/\/www.giurgiuveanul.ro\/stiri\/wp-json\/wp\/v2\/media?parent=63983"}],"wp:term":[{"taxonomy":"category","embeddable":true,"href":"https:\/\/www.giurgiuveanul.ro\/stiri\/wp-json\/wp\/v2\/categories?post=63983"},{"taxonomy":"post_tag","embeddable":true,"href":"https:\/\/www.giurgiuveanul.ro\/stiri\/wp-json\/wp\/v2\/tags?post=63983"}],"curies":[{"name":"wp","href":"https:\/\/api.w.org\/{rel}","templated":true}]}}