{"id":63993,"date":"2019-11-01T09:43:55","date_gmt":"2019-11-01T07:43:55","guid":{"rendered":"https:\/\/www.giurgiuveanul.ro\/stiri\/?p=63993"},"modified":"2019-11-01T10:27:09","modified_gmt":"2019-11-01T08:27:09","slug":"comandantul-de-aeronava-adrian-anghelescu-si-a-anuntat-intentia-de-candida-pentru-primaria-giurgiu","status":"publish","type":"post","link":"https:\/\/www.giurgiuveanul.ro\/stiri\/comandantul-de-aeronava-adrian-anghelescu-si-a-anuntat-intentia-de-candida-pentru-primaria-giurgiu\/","title":{"rendered":"Comandantul de aeronav\u0103 Adrian Anghelescu \u0219i-a anun\u021bat inten\u021bia de a candida pentru Prim\u0103ria Giurgiu"},"content":{"rendered":"<p style=\"text-align: justify;\"><strong><a href=\"https:\/\/www.giurgiuveanul.ro\/stiri\/wp-content\/uploads\/2019\/11\/anghelescu-1.jpg\"><img loading=\"lazy\" decoding=\"async\" class=\"aligncenter size-large wp-image-63994\" src=\"https:\/\/www.giurgiuveanul.ro\/stiri\/wp-content\/uploads\/2019\/11\/anghelescu-1-542x450.jpg\" alt=\"anghelescu-1\" width=\"542\" height=\"450\" srcset=\"https:\/\/www.giurgiuveanul.ro\/stiri\/wp-content\/uploads\/2019\/11\/anghelescu-1-542x450.jpg 542w, https:\/\/www.giurgiuveanul.ro\/stiri\/wp-content\/uploads\/2019\/11\/anghelescu-1-250x208.jpg 250w, https:\/\/www.giurgiuveanul.ro\/stiri\/wp-content\/uploads\/2019\/11\/anghelescu-1-400x332.jpg 400w, https:\/\/www.giurgiuveanul.ro\/stiri\/wp-content\/uploads\/2019\/11\/anghelescu-1.jpg 800w\" sizes=\"auto, (max-width: 542px) 100vw, 542px\" \/><\/a>Primul politician care<!--more--> \u0219i-a anun\u021bat oficial inten\u021bia de a candida la Prim\u0103ria Giurgiu la alegerile din 2020 este Adrian Anghelescu.\u00a0Comandantul de aeronav\u0103 Adrian Anghelescu, PNL, a intrat \u00een competi\u021bia intern\u0103 a partidului.<\/strong><\/p>\n<p style=\"text-align: justify;\">Printr-un mesaj adresat giurgiuvenilor, acesta \u00ee\u015fi motiveaz\u0103 gestul. Vi-l prezent\u0103m \u00een cele ce urmeaz\u0103.<\/p>\n<p style=\"text-align: justify;\"><em>\u201eM\u0103 adresez pe aceast\u0103 cale domniilor voastre cu dorin\u0163a de a v\u0103 informa asupra sondajului pentru desemnarea \u00een mod oficial al candidatului PNL la func\u0163ia de primar al municipiului Giurgiu a persoanei cu cea mai mare credibilitate, inten\u0163ie de vot \u015fi posibilitate de cre\u0219tere. Acest sondaj se va efectua dup\u0103 alegerile preziden\u021biale.<\/em><\/p>\n<p style=\"text-align: justify;\"><em>A\u015fa cum am afirmat \u00een urm\u0103 cu trei ani, m-am s\u0103turat ca principala atrac\u021bie a ora\u015fului nostru s\u0103 fie Russe (Bulgaria), trist nu-i a\u015fa?<\/em><\/p>\n<p style=\"text-align: justify;\"><em>Dac\u0103 alte municipii au reu\u0219it s\u0103 se dezvolte, sunt sigur c\u0103 \u015fi noi putem, nu mai l\u0103sa\u021bi pe nimeni s\u0103 v\u0103 spun\u0103 c\u0103 noi nu ne putem compara cu al\u021bii sau c\u0103 nu putem, c\u00e2nd ceilal\u021bi nu pot face un lucru v\u0103 spun \u015fi vou\u0103 c\u0103 nu pute\u021bi. Am o strategie pe care trebuie sa o protejez si sa o \u00eendeplinesc cu ajutorul vostru. Dac\u0103 ne dorim ceva atunci trebuie s\u0103 ne implic\u0103m, trebuie s\u0103 lupt\u0103m \u00eempreuna pentru a putea decide prezentul si viitorul in acest ora\u0219, nu mai a\u0219tepta\u021bi de la al\u021bii ceea ce va dori\u021bi voi \u00een\u0219iv\u0103. Prin neimplicarea noastr\u0103 nu vom face dec\u00e2t ca \u201eceilal\u021bi\u201d s\u0103 aib\u0103 grij\u0103 doar de ei, \u0219ti\u021bi dvs despre cine vorbesc, cei pe care \u00eei vede\u021bi la orice t\u0103iere de panglici, sau b\u0103i de mul\u021bime, \u00een general. V-a\u0163i s\u0103turat \u015fi m-am s\u0103turat de lipsa de bun simt din administra\u021bia public\u0103, de nerespectarea legilor, de lipsa de interes pentru bun\u0103starea ora\u015fului \u015fi a giurgiuvenilor.<\/em><\/p>\n<p style=\"text-align: justify;\"><em>Dac\u0103 dumneavoastr\u0103 hot\u0103r\u00e2\u021bi s\u0103 ne complacem \u00een continuare cu starea de fapt, cu minciuna, disolutia, lipsa unei stategii\u00a0 coerente \u00een guvernarea local\u0103, cu nep\u0103sarea la toate problemele reale ale giurgiuvenilor, eu nu pot face acest lucru. Avem pu\u021bin timp la dispozi\u021bie, acum este vorba de \u00eencredere, credin\u021b\u0103, bune inten\u021bii, de profesionalism, viziune \u015fi progres. Vremea dezbin\u0103rii trebuie s\u0103 \u00eenceteze altfel ne vom resemna \u00een fa\u0163a nimicului. Este simplu, ne dorim sau nu ca aceast\u0103 stare de fapt negativ\u0103 s\u0103 \u00eenceteze \u015fi s\u0103 putem repune acest ora\u015f pe un f\u0103ga\u015f normal de prosperitate \u015fi confort?<\/em><\/p>\n<p style=\"text-align: justify;\"><em>Despre seriozitatea \u015fi corectitudinea mea ce s\u0103 v\u0103 spun, c\u0103 mi-am \u00eendeplinit, cu voia bunului Dumnezeu, aproape toate proiectele personale de p\u00e2n\u0103 acum, astfel \u00eenc\u00e2t \u00een cariera profesional\u0103 de pilot am ajuns la cea mai \u00eenalt\u0103 calificare din domeniu, anume cea de pilot instructor-examinator, \u00een prezent ocup\u00e2nd func\u0163ia de \u015fef-serviciu opera\u021biuni zbor \u00een cadrul Autorit\u0103\u021bii Aeronautice Civile din Rom\u00e2nia \u015fi, nu \u00een ultimul r\u00e2nd, consilier municipal PNL.<\/em><\/p>\n<p style=\"text-align: justify;\"><em>Am 52 de ani, sunt c\u0103s\u0103torit cu Claudia Anghelescu iar \u00eempreun\u0103 avem un fiu, Andrei.<\/em><\/p>\n<p style=\"text-align: justify;\"><em>M-am n\u0103scut, am crescut \u015fi tr\u0103iesc in Giurgiu, am \u00eenv\u0103\u021bat la \u0218coala general\u0103 nr. 7, apoi am urmat cursurile liceului \u201eIon Maiorescu\u201d \u015fi ale Institutului Militar de Avia\u021bie \u201eAurel Vlaicu\u201d sec\u021bia avia\u0163ie civil\u0103.<\/em><\/p>\n<p style=\"text-align: justify;\"><em>M-am hot\u0103r\u00e2t sa candidez pentru func\u0163ia de primar al municipiului Giurgiu deoarece am credin\u021b\u0103 c\u0103 pot, cu ajutorul echipei de profesioni\u0219ti pe care o reprezint (mul\u0163i dintre ace\u0219tia nu au apartenen\u021b\u0103 politic\u0103), s\u0103 rezolv\u0103m mare parte a problemelor cu care ne confruntam, probleme de infrastructur\u0103, educa\u021bionale, sociale sau culturale. Ast\u0103zi vorbim despre risipa banului public prin proiecte care nu \u021bin cont de priorit\u0103\u021bi sau agenda cet\u0103\u021beanului, fie c\u0103 vorbim de bani de la bugetul prim\u0103riei, de fonduri na\u021bionale sau europene.<\/em><\/p>\n<p style=\"text-align: justify;\"><em>Dragi giurgiuveni, nu am avut, nu am \u015fi nici nu voi avea firme (societ\u0103\u021bi comerciale), sau s\u0103 fiu reprezentantul vreunei ierarhii, grup\u0103ri de interese sau cumetrii care s\u0103 v\u0103 dea sentimentul c\u0103 a\u015f fi vreun alt ipocrit politruc pus pe c\u0103p\u0103tuial\u0103. Despre proiectele aflate \u00een programul de guvernare local\u0103 propuse de mine giurgiuvenilor. cu \u00eeng\u0103duin\u021ba dumneavoastr\u0103, voi reveni \u00eentr-un viitor articol! V\u0103 mul\u0163umesc, numai bine!\u201d <\/em><\/p>\n<p style=\"text-align: justify;\"><em>Adrian Anghelescu<\/em><\/p>\n","protected":false},"excerpt":{"rendered":"<p>Primul politician care<\/p>\n","protected":false},"author":1,"featured_media":0,"comment_status":"open","ping_status":"open","sticky":false,"template":"","format":"standard","meta":{"footnotes":""},"categories":[6],"tags":[],"class_list":["post-63993","post","type-post","status-publish","format-standard","hentry","category-breaking-news"],"_links":{"self":[{"href":"https:\/\/www.giurgiuveanul.ro\/stiri\/wp-json\/wp\/v2\/posts\/63993","targetHints":{"allow":["GET"]}}],"collection":[{"href":"https:\/\/www.giurgiuveanul.ro\/stiri\/wp-json\/wp\/v2\/posts"}],"about":[{"href":"https:\/\/www.giurgiuveanul.ro\/stiri\/wp-json\/wp\/v2\/types\/post"}],"author":[{"embeddable":true,"href":"https:\/\/www.giurgiuveanul.ro\/stiri\/wp-json\/wp\/v2\/users\/1"}],"replies":[{"embeddable":true,"href":"https:\/\/www.giurgiuveanul.ro\/stiri\/wp-json\/wp\/v2\/comments?post=63993"}],"version-history":[{"count":0,"href":"https:\/\/www.giurgiuveanul.ro\/stiri\/wp-json\/wp\/v2\/posts\/63993\/revisions"}],"wp:attachment":[{"href":"https:\/\/www.giurgiuveanul.ro\/stiri\/wp-json\/wp\/v2\/media?parent=63993"}],"wp:term":[{"taxonomy":"category","embeddable":true,"href":"https:\/\/www.giurgiuveanul.ro\/stiri\/wp-json\/wp\/v2\/categories?post=63993"},{"taxonomy":"post_tag","embeddable":true,"href":"https:\/\/www.giurgiuveanul.ro\/stiri\/wp-json\/wp\/v2\/tags?post=63993"}],"curies":[{"name":"wp","href":"https:\/\/api.w.org\/{rel}","templated":true}]}}