{"id":64022,"date":"2019-11-02T20:39:42","date_gmt":"2019-11-02T18:39:42","guid":{"rendered":"https:\/\/www.giurgiuveanul.ro\/stiri\/?p=64022"},"modified":"2019-11-02T20:39:58","modified_gmt":"2019-11-02T18:39:58","slug":"giurgiuveanca-la-volan-prinsa-fara-permis-s-a-ales-cu-dosar-penal","status":"publish","type":"post","link":"https:\/\/www.giurgiuveanul.ro\/stiri\/giurgiuveanca-la-volan-prinsa-fara-permis-s-a-ales-cu-dosar-penal\/","title":{"rendered":"Giurgiuveanc\u0103 la volan, prins\u0103 f\u0103r\u0103 permis de conducere, s-a ales cu dosar penal"},"content":{"rendered":"<p style=\"text-align: justify;\"><strong><a href=\"https:\/\/www.giurgiuveanul.ro\/stiri\/wp-content\/uploads\/2019\/11\/8infopol-NU.jpg\"><img loading=\"lazy\" decoding=\"async\" class=\"aligncenter size-large wp-image-64024\" src=\"https:\/\/www.giurgiuveanul.ro\/stiri\/wp-content\/uploads\/2019\/11\/8infopol-NU-560x315.jpg\" alt=\"8infopol-NU\" width=\"560\" height=\"315\" srcset=\"https:\/\/www.giurgiuveanul.ro\/stiri\/wp-content\/uploads\/2019\/11\/8infopol-NU-560x315.jpg 560w, https:\/\/www.giurgiuveanul.ro\/stiri\/wp-content\/uploads\/2019\/11\/8infopol-NU-250x141.jpg 250w, https:\/\/www.giurgiuveanul.ro\/stiri\/wp-content\/uploads\/2019\/11\/8infopol-NU-400x225.jpg 400w, https:\/\/www.giurgiuveanul.ro\/stiri\/wp-content\/uploads\/2019\/11\/8infopol-NU.jpg 680w\" sizes=\"auto, (max-width: 560px) 100vw, 560px\" \/><\/a>O femeie, de<!--more--> 31 de ani, este cercetat\u0103 de poli\u021bi\u0219tii giurgiuveni, dup\u0103 ce a fost depistat\u0103 conduc\u00e2nd un autoturism pe drumurile publice, de\u0219i nu poseda permis de conducere pentru nicio categorie de vehicule.<\/strong><\/p>\n<p style=\"text-align: justify;\">Recent, poli\u021bi\u0219tii au depistat \u00een trafic, pe strada Ecaterina Varga, din municipiul Giurgiu, o femeie, de 31 de ani, din comuna Ghimpa\u021bi, jude\u021bul Giurgiu, \u00een timp ce conducea un autoturism, f\u0103r\u0103 a poseda permis de conducere pentru nicio categorie de vehicule.<\/p>\n<p style=\"text-align: justify;\">\u00cen cauz\u0103, poli\u021bi\u0219tii au \u00eentocmit dosar penal, \u00een care se efectueaz\u0103 cercet\u0103ri sub aspectul s\u0103v\u00e2r\u0219irii infrac\u021biunii de conducere a unui vehicul pe drumurile publice f\u0103r\u0103 a poseda permis de conducere.<\/p>\n","protected":false},"excerpt":{"rendered":"<p>O femeie, de<\/p>\n","protected":false},"author":1,"featured_media":0,"comment_status":"open","ping_status":"open","sticky":false,"template":"","format":"standard","meta":{"footnotes":""},"categories":[6],"tags":[],"class_list":["post-64022","post","type-post","status-publish","format-standard","hentry","category-breaking-news"],"_links":{"self":[{"href":"https:\/\/www.giurgiuveanul.ro\/stiri\/wp-json\/wp\/v2\/posts\/64022","targetHints":{"allow":["GET"]}}],"collection":[{"href":"https:\/\/www.giurgiuveanul.ro\/stiri\/wp-json\/wp\/v2\/posts"}],"about":[{"href":"https:\/\/www.giurgiuveanul.ro\/stiri\/wp-json\/wp\/v2\/types\/post"}],"author":[{"embeddable":true,"href":"https:\/\/www.giurgiuveanul.ro\/stiri\/wp-json\/wp\/v2\/users\/1"}],"replies":[{"embeddable":true,"href":"https:\/\/www.giurgiuveanul.ro\/stiri\/wp-json\/wp\/v2\/comments?post=64022"}],"version-history":[{"count":0,"href":"https:\/\/www.giurgiuveanul.ro\/stiri\/wp-json\/wp\/v2\/posts\/64022\/revisions"}],"wp:attachment":[{"href":"https:\/\/www.giurgiuveanul.ro\/stiri\/wp-json\/wp\/v2\/media?parent=64022"}],"wp:term":[{"taxonomy":"category","embeddable":true,"href":"https:\/\/www.giurgiuveanul.ro\/stiri\/wp-json\/wp\/v2\/categories?post=64022"},{"taxonomy":"post_tag","embeddable":true,"href":"https:\/\/www.giurgiuveanul.ro\/stiri\/wp-json\/wp\/v2\/tags?post=64022"}],"curies":[{"name":"wp","href":"https:\/\/api.w.org\/{rel}","templated":true}]}}