{"id":6403,"date":"2013-07-15T15:00:20","date_gmt":"2013-07-15T12:00:20","guid":{"rendered":"https:\/\/www.giurgiuveanul.ro\/stiri\/?p=6403"},"modified":"2013-07-15T15:00:20","modified_gmt":"2013-07-15T12:00:20","slug":"la-multi-ani-domnule-vicepresedinte-dumitru-gavrila","status":"publish","type":"post","link":"https:\/\/www.giurgiuveanul.ro\/stiri\/la-multi-ani-domnule-vicepresedinte-dumitru-gavrila\/","title":{"rendered":"La Mul\u0163i Ani, domnule vicepre\u0219edinte Dumitru Gavril\u0103!"},"content":{"rendered":"<p><a href=\"https:\/\/www.giurgiuveanul.ro\/stiri\/wp-content\/uploads\/2013\/07\/dumitru-gavrila.jpg\"><img loading=\"lazy\" decoding=\"async\" class=\"aligncenter size-large wp-image-6404\" alt=\"dumitru-gavrila\" src=\"https:\/\/www.giurgiuveanul.ro\/stiri\/wp-content\/uploads\/2013\/07\/dumitru-gavrila-560x444.jpg\" width=\"560\" height=\"444\" srcset=\"https:\/\/www.giurgiuveanul.ro\/stiri\/wp-content\/uploads\/2013\/07\/dumitru-gavrila-560x444.jpg 560w, https:\/\/www.giurgiuveanul.ro\/stiri\/wp-content\/uploads\/2013\/07\/dumitru-gavrila-250x198.jpg 250w, https:\/\/www.giurgiuveanul.ro\/stiri\/wp-content\/uploads\/2013\/07\/dumitru-gavrila-400x317.jpg 400w, https:\/\/www.giurgiuveanul.ro\/stiri\/wp-content\/uploads\/2013\/07\/dumitru-gavrila.jpg 800w\" sizes=\"auto, (max-width: 560px) 100vw, 560px\" \/><\/a>Ast\u0103zi, 15 iulie 2013, vicepre\u015fedintele Consiliului Jude\u0163ean Giurgiu, Dumitru Gavril\u0103, \u00eempline\u015fte frumoasa v\u00e2rst\u0103 de 55 de ani. Redac\u0163ia GIURGIUVEANUL \u00eei dore\u015fte c\u00e2t mai multe \u00eempliniri personale \u015fi profesionale, s\u0103n\u0103tate \u015fi mult\u0103 putere de munc\u0103, pentru a finaliza proiectele \u00eencepute \u00een acest mandat. La <!--more-->mul\u0163i ani, domnule vicepre\u015fedinte al Consiliului Jude\u0163ean Giurgiu!<\/p>\n","protected":false},"excerpt":{"rendered":"<p>Ast\u0103zi, 15 iulie 2013, vicepre\u015fedintele Consiliului Jude\u0163ean Giurgiu, Dumitru Gavril\u0103, \u00eempline\u015fte frumoasa v\u00e2rst\u0103 de 55 de ani. Redac\u0163ia GIURGIUVEANUL \u00eei dore\u015fte c\u00e2t mai multe \u00eempliniri personale \u015fi profesionale, s\u0103n\u0103tate \u015fi mult\u0103 putere de munc\u0103, pentru a finaliza proiectele \u00eencepute \u00een acest mandat. La<\/p>\n","protected":false},"author":2,"featured_media":0,"comment_status":"open","ping_status":"open","sticky":false,"template":"","format":"standard","meta":{"footnotes":""},"categories":[16],"tags":[],"class_list":["post-6403","post","type-post","status-publish","format-standard","hentry","category-astazi-e-ziua-ta"],"_links":{"self":[{"href":"https:\/\/www.giurgiuveanul.ro\/stiri\/wp-json\/wp\/v2\/posts\/6403","targetHints":{"allow":["GET"]}}],"collection":[{"href":"https:\/\/www.giurgiuveanul.ro\/stiri\/wp-json\/wp\/v2\/posts"}],"about":[{"href":"https:\/\/www.giurgiuveanul.ro\/stiri\/wp-json\/wp\/v2\/types\/post"}],"author":[{"embeddable":true,"href":"https:\/\/www.giurgiuveanul.ro\/stiri\/wp-json\/wp\/v2\/users\/2"}],"replies":[{"embeddable":true,"href":"https:\/\/www.giurgiuveanul.ro\/stiri\/wp-json\/wp\/v2\/comments?post=6403"}],"version-history":[{"count":0,"href":"https:\/\/www.giurgiuveanul.ro\/stiri\/wp-json\/wp\/v2\/posts\/6403\/revisions"}],"wp:attachment":[{"href":"https:\/\/www.giurgiuveanul.ro\/stiri\/wp-json\/wp\/v2\/media?parent=6403"}],"wp:term":[{"taxonomy":"category","embeddable":true,"href":"https:\/\/www.giurgiuveanul.ro\/stiri\/wp-json\/wp\/v2\/categories?post=6403"},{"taxonomy":"post_tag","embeddable":true,"href":"https:\/\/www.giurgiuveanul.ro\/stiri\/wp-json\/wp\/v2\/tags?post=6403"}],"curies":[{"name":"wp","href":"https:\/\/api.w.org\/{rel}","templated":true}]}}