{"id":64033,"date":"2019-11-04T09:20:50","date_gmt":"2019-11-04T07:20:50","guid":{"rendered":"https:\/\/www.giurgiuveanul.ro\/stiri\/?p=64033"},"modified":"2019-11-04T09:21:32","modified_gmt":"2019-11-04T07:21:32","slug":"casa-din-baneasa-cuprinsa-de-flacari-puternice-in-miez-de-noapte-foto","status":"publish","type":"post","link":"https:\/\/www.giurgiuveanul.ro\/stiri\/casa-din-baneasa-cuprinsa-de-flacari-puternice-in-miez-de-noapte-foto\/","title":{"rendered":"Cas\u0103 din B\u0103neasa, cuprins\u0103 de fl\u0103c\u0103ri puternice, \u00een miez de noapte (FOTO)"},"content":{"rendered":"<p style=\"text-align: justify;\"><a href=\"https:\/\/www.giurgiuveanul.ro\/stiri\/wp-content\/uploads\/2019\/11\/74389977_2430375840414625_7508337917060710400_n.jpg\"><img loading=\"lazy\" decoding=\"async\" class=\"aligncenter size-large wp-image-64034\" src=\"https:\/\/www.giurgiuveanul.ro\/stiri\/wp-content\/uploads\/2019\/11\/74389977_2430375840414625_7508337917060710400_n-560x420.jpg\" alt=\"74389977_2430375840414625_7508337917060710400_n\" width=\"560\" height=\"420\" srcset=\"https:\/\/www.giurgiuveanul.ro\/stiri\/wp-content\/uploads\/2019\/11\/74389977_2430375840414625_7508337917060710400_n-560x420.jpg 560w, https:\/\/www.giurgiuveanul.ro\/stiri\/wp-content\/uploads\/2019\/11\/74389977_2430375840414625_7508337917060710400_n-250x188.jpg 250w, https:\/\/www.giurgiuveanul.ro\/stiri\/wp-content\/uploads\/2019\/11\/74389977_2430375840414625_7508337917060710400_n-400x300.jpg 400w, https:\/\/www.giurgiuveanul.ro\/stiri\/wp-content\/uploads\/2019\/11\/74389977_2430375840414625_7508337917060710400_n.jpg 1600w\" sizes=\"auto, (max-width: 560px) 100vw, 560px\" \/><\/a><strong>Incendiu violent<!--more--> \u00een satul Sf\u00e2ntu Gheorghe, din comuna B\u0103neasa. O cas\u0103 a fost cuprins\u0103 de fl\u0103c\u0103ri puternice, azi-noapte. Totul se pare c\u0103 ar fi pornit de la co\u015ful de fum neizolat termic, spun reprezentan\u0163ii ISU Giurgiu.<\/strong><\/p>\n<p style=\"text-align: justify;\">Pompierii s-au luptat zeci de minute cu fl\u0103c\u0103rile uria\u015fe. La final, au deschis o anchet\u0103 pentru a stabili cu exactitate de la ce a pornit incendiul.<\/p>\n<p style=\"text-align: justify;\">Au intervenit pompierii din cadrul Deta\u015famentului Giurgiu cu trei autospeciale ASAS, o autocistern\u0103, o autoplatform\u0103 APSII (Autoplatform\u0103 de Salvare \u015fi Interven\u0163ie de la \u00cen\u0103l\u0163ime) \u015fi o autospecial\u0103 APIC (Autospecial\u0103 de Prim\u0103 Interven\u0163ie \u015fi Comand\u0103).<\/p>\n","protected":false},"excerpt":{"rendered":"<p>Incendiu violent<\/p>\n","protected":false},"author":1,"featured_media":0,"comment_status":"open","ping_status":"open","sticky":false,"template":"","format":"standard","meta":{"footnotes":""},"categories":[6],"tags":[],"class_list":["post-64033","post","type-post","status-publish","format-standard","hentry","category-breaking-news"],"_links":{"self":[{"href":"https:\/\/www.giurgiuveanul.ro\/stiri\/wp-json\/wp\/v2\/posts\/64033","targetHints":{"allow":["GET"]}}],"collection":[{"href":"https:\/\/www.giurgiuveanul.ro\/stiri\/wp-json\/wp\/v2\/posts"}],"about":[{"href":"https:\/\/www.giurgiuveanul.ro\/stiri\/wp-json\/wp\/v2\/types\/post"}],"author":[{"embeddable":true,"href":"https:\/\/www.giurgiuveanul.ro\/stiri\/wp-json\/wp\/v2\/users\/1"}],"replies":[{"embeddable":true,"href":"https:\/\/www.giurgiuveanul.ro\/stiri\/wp-json\/wp\/v2\/comments?post=64033"}],"version-history":[{"count":0,"href":"https:\/\/www.giurgiuveanul.ro\/stiri\/wp-json\/wp\/v2\/posts\/64033\/revisions"}],"wp:attachment":[{"href":"https:\/\/www.giurgiuveanul.ro\/stiri\/wp-json\/wp\/v2\/media?parent=64033"}],"wp:term":[{"taxonomy":"category","embeddable":true,"href":"https:\/\/www.giurgiuveanul.ro\/stiri\/wp-json\/wp\/v2\/categories?post=64033"},{"taxonomy":"post_tag","embeddable":true,"href":"https:\/\/www.giurgiuveanul.ro\/stiri\/wp-json\/wp\/v2\/tags?post=64033"}],"curies":[{"name":"wp","href":"https:\/\/api.w.org\/{rel}","templated":true}]}}