{"id":64061,"date":"2019-11-04T19:09:37","date_gmt":"2019-11-04T17:09:37","guid":{"rendered":"https:\/\/www.giurgiuveanul.ro\/stiri\/?p=64061"},"modified":"2019-11-04T19:09:37","modified_gmt":"2019-11-04T17:09:37","slug":"opt-localitati-din-judetul-giurgiu-fara-curent-electric-vezi-zonele-aici","status":"publish","type":"post","link":"https:\/\/www.giurgiuveanul.ro\/stiri\/opt-localitati-din-judetul-giurgiu-fara-curent-electric-vezi-zonele-aici\/","title":{"rendered":"Opt localit\u0103\u021bi din jude\u0163ul Giurgiu, f\u0103r\u0103 curent electric. Vezi zonele AICI"},"content":{"rendered":"<p style=\"text-align: justify;\"><strong><a href=\"https:\/\/www.giurgiuveanul.ro\/stiri\/wp-content\/uploads\/2019\/11\/cac314f3c4fff7ddc035ad874868eb64_XL.jpg\"><img loading=\"lazy\" decoding=\"async\" class=\"aligncenter size-large wp-image-64062\" src=\"https:\/\/www.giurgiuveanul.ro\/stiri\/wp-content\/uploads\/2019\/11\/cac314f3c4fff7ddc035ad874868eb64_XL-560x311.jpg\" alt=\"cac314f3c4fff7ddc035ad874868eb64_XL\" width=\"560\" height=\"311\" srcset=\"https:\/\/www.giurgiuveanul.ro\/stiri\/wp-content\/uploads\/2019\/11\/cac314f3c4fff7ddc035ad874868eb64_XL-560x311.jpg 560w, https:\/\/www.giurgiuveanul.ro\/stiri\/wp-content\/uploads\/2019\/11\/cac314f3c4fff7ddc035ad874868eb64_XL-250x139.jpg 250w, https:\/\/www.giurgiuveanul.ro\/stiri\/wp-content\/uploads\/2019\/11\/cac314f3c4fff7ddc035ad874868eb64_XL-400x222.jpg 400w, https:\/\/www.giurgiuveanul.ro\/stiri\/wp-content\/uploads\/2019\/11\/cac314f3c4fff7ddc035ad874868eb64_XL.jpg 900w\" sizes=\"auto, (max-width: 560px) 100vw, 560px\" \/><\/a>Pentru<!--more--> lucr\u0103rile anuale de repara\u0163ii \u015fi \u00eentre\u0163inere instala\u0163ii \u015fi re\u0163ele electrice, precum \u015fi posturi de transformare, E-Distribu\u0163ie Muntenia anun\u0163\u0103 \u00eentreruperea furniz\u0103rii energiei electrice, pentru data de 5 noiembrie a.c., \u00een timpul lucr\u0103rilor dup\u0103 programul indicat mai jos. \u00a0<\/strong><\/p>\n<p><strong>\u00centre orele 08:00 \u2013 15:00 \u00een urm\u0103toarele zone:<\/strong><\/p>\n<ul>\n<li>Mihailesti, Popesti<\/li>\n<\/ul>\n<p><strong>\u00centre orele 09:00 \u2013 17:00 \u00een urm\u0103toarele zone:<\/strong><\/p>\n<ul>\n<li>Pietrisu, str. Sperantei, Zmeurei, Porumbarilor si Bisericii<\/li>\n<li>Giurgiu, Soseaua Sloboziei<\/li>\n<li>Rasuceni, Str Principala si str adiacente<\/li>\n<li>Gaujani, Strada Zambilei, Ghiocelului si Morii<\/li>\n<li>Gaujani, Soseaua Principala si soseaua Giurgiului<\/li>\n<li>Mihai Bravu, str. Principala si strazile adiaente<\/li>\n<li>Gaujani, str. Ciresului, Visinului si Nucului<\/li>\n<li>Poenari, str. Tineretului, Principala<\/li>\n<li>Varasti Sat Dobreni com Valea Dragului, Strazile Principale si strazile adiacente<\/li>\n<li>Giurgiu, str. Vidra, Caramidarii Noi<\/li>\n<\/ul>\n","protected":false},"excerpt":{"rendered":"<p>Pentru<\/p>\n","protected":false},"author":1,"featured_media":0,"comment_status":"open","ping_status":"open","sticky":false,"template":"","format":"standard","meta":{"footnotes":""},"categories":[6],"tags":[],"class_list":["post-64061","post","type-post","status-publish","format-standard","hentry","category-breaking-news"],"_links":{"self":[{"href":"https:\/\/www.giurgiuveanul.ro\/stiri\/wp-json\/wp\/v2\/posts\/64061","targetHints":{"allow":["GET"]}}],"collection":[{"href":"https:\/\/www.giurgiuveanul.ro\/stiri\/wp-json\/wp\/v2\/posts"}],"about":[{"href":"https:\/\/www.giurgiuveanul.ro\/stiri\/wp-json\/wp\/v2\/types\/post"}],"author":[{"embeddable":true,"href":"https:\/\/www.giurgiuveanul.ro\/stiri\/wp-json\/wp\/v2\/users\/1"}],"replies":[{"embeddable":true,"href":"https:\/\/www.giurgiuveanul.ro\/stiri\/wp-json\/wp\/v2\/comments?post=64061"}],"version-history":[{"count":0,"href":"https:\/\/www.giurgiuveanul.ro\/stiri\/wp-json\/wp\/v2\/posts\/64061\/revisions"}],"wp:attachment":[{"href":"https:\/\/www.giurgiuveanul.ro\/stiri\/wp-json\/wp\/v2\/media?parent=64061"}],"wp:term":[{"taxonomy":"category","embeddable":true,"href":"https:\/\/www.giurgiuveanul.ro\/stiri\/wp-json\/wp\/v2\/categories?post=64061"},{"taxonomy":"post_tag","embeddable":true,"href":"https:\/\/www.giurgiuveanul.ro\/stiri\/wp-json\/wp\/v2\/tags?post=64061"}],"curies":[{"name":"wp","href":"https:\/\/api.w.org\/{rel}","templated":true}]}}