{"id":64067,"date":"2019-11-05T10:32:47","date_gmt":"2019-11-05T08:32:47","guid":{"rendered":"https:\/\/www.giurgiuveanul.ro\/stiri\/?p=64067"},"modified":"2019-11-05T10:46:15","modified_gmt":"2019-11-05T08:46:15","slug":"diicot-tanar-giurgiuvean-arestat-pentru-pentru-pornografie-infantila-si-viol","status":"publish","type":"post","link":"https:\/\/www.giurgiuveanul.ro\/stiri\/diicot-tanar-giurgiuvean-arestat-pentru-pentru-pornografie-infantila-si-viol\/","title":{"rendered":"DIICOT: t\u00e2n\u0103r giurgiuvean, arestat pentru pornografie infantil\u0103 \u0219i viol"},"content":{"rendered":"<p style=\"text-align: justify;\"><a href=\"https:\/\/www.giurgiuveanul.ro\/stiri\/wp-content\/uploads\/2019\/11\/YXNoPTBiOGNhYzM5YmMyMTEwZDM5NzgyYTcwYWI1NzZmMGJh.thumb_.jpg\"><img loading=\"lazy\" decoding=\"async\" class=\"aligncenter size-large wp-image-64068\" src=\"https:\/\/www.giurgiuveanul.ro\/stiri\/wp-content\/uploads\/2019\/11\/YXNoPTBiOGNhYzM5YmMyMTEwZDM5NzgyYTcwYWI1NzZmMGJh.thumb_-560x316.jpg\" alt=\"YXNoPTBiOGNhYzM5YmMyMTEwZDM5NzgyYTcwYWI1NzZmMGJh.thumb\" width=\"560\" height=\"316\" srcset=\"https:\/\/www.giurgiuveanul.ro\/stiri\/wp-content\/uploads\/2019\/11\/YXNoPTBiOGNhYzM5YmMyMTEwZDM5NzgyYTcwYWI1NzZmMGJh.thumb_-560x316.jpg 560w, https:\/\/www.giurgiuveanul.ro\/stiri\/wp-content\/uploads\/2019\/11\/YXNoPTBiOGNhYzM5YmMyMTEwZDM5NzgyYTcwYWI1NzZmMGJh.thumb_-250x141.jpg 250w, https:\/\/www.giurgiuveanul.ro\/stiri\/wp-content\/uploads\/2019\/11\/YXNoPTBiOGNhYzM5YmMyMTEwZDM5NzgyYTcwYWI1NzZmMGJh.thumb_-400x226.jpg 400w, https:\/\/www.giurgiuveanul.ro\/stiri\/wp-content\/uploads\/2019\/11\/YXNoPTBiOGNhYzM5YmMyMTEwZDM5NzgyYTcwYWI1NzZmMGJh.thumb_.jpg 780w\" sizes=\"auto, (max-width: 560px) 100vw, 560px\" \/><\/a>La data de<!--more--> 03.11.2019, procurorii Direc\u021biei de Investigare a Infrac\u021biunilor de Criminalitate Organizat\u0103 \u0219i Terorism \u2013 Biroul Teritorial Giurgiu au dispus re\u021binerea pentru o perioad\u0103 de 24 de ore a inculpatului T.I.A., \u00een v\u00e2rst\u0103 de 25 de ani, pentru s\u0103v\u00e2r\u0219irea infrac\u021biunilor de pornografie infantil\u0103 \u0219i viol.<\/p>\n<p style=\"text-align: justify;\">\u00cen fapt s-a re\u021binut c\u0103, \u00een cursul lunii iulie 2019, inculpatul T.I.A., \u00een timp ce se afla \u00eentr-o cl\u0103dire abandonat\u0103 din municipiul Giurgiu, a \u00eentre\u021binut raporturi sexuale cu o persoan\u0103 v\u0103t\u0103mat\u0103 minor\u0103, \u00een v\u00e2rst\u0103 de 16 ani, prin constr\u00e2ngere fizic\u0103 \u0219i profit\u00e2nd de imposibilitatea acestei de a-\u0219i exprima voin\u021ba \u0219i a produs, cu ajutorul telefonului mobil, un fi\u0219ier video cu caracter pornografic \u00een care era prezentat\u0103 minora.<\/p>\n<p style=\"text-align: justify;\"><span id=\"cch_f14e558bc19070c\" class=\"_mh6 _wsc\"><span class=\"_3oh- _58nk\">Ulterior, inculpatul T.I.A. a distribuit, prin intermediul unor aplica\u021bii de socializare, o \u00eenregistrare video \u00een care apare persoana v\u0103t\u0103mat\u0103 minor\u0103 \u00een diferite secven\u021be cu caracter pornografic. \u00cen urma cercet\u0103rilor efectuate \u00een cauz\u0103 s-a re\u021binut faptul c\u0103, \u00een cursul lunii iulie 2019, persoana v\u0103t\u0103mat\u0103 minora, \u00eempreun\u0103 cu inculpatul T.I.A. \u0219i alte 5 persoane, s-au deplasat \u00een incinta unei cl\u0103diri \u00een construc\u021bie din municipiul Giurgiu, sub pretextul de a petrece timpul liber. <\/span><\/span><\/p>\n<p style=\"text-align: justify;\"><span id=\"cch_f14e558bc19070c\" class=\"_mh6 _wsc\"><span class=\"_3oh- _58nk\">\u00cen incinta cl\u0103dirii minora \u00eempreun\u0103 cu celelalte persoane au consumat b\u0103uturi alcoolice achizi\u021bionate de inculpatul T.I.A. \u00cen aceste condi\u0163ii, inculpatul T.I.A. i-a solicitat uneia dintre persoanele prezente s\u0103 se pozi\u0163ioneze \u00een centrul unui desen reprezent\u00e2nd o hexagram\u0103 alc\u0103tuit\u0103 din dou\u0103 triunghiuri echilaterale, pe fiecare dintre col\u0163 fiind aprins\u0103 c\u00e2te o candel\u0103. Cu un ciob, inculpatul T.I.A. i-a provocat t\u00e2n\u0103rului dou\u0103 leziuni \u00een ambele palme, pe partea interioar\u0103 a acestora cu care a stropit fiecare col\u0163 al hexagramei, timp \u00een care, prin folosirea telefonului s\u0103u mobil, a redat melodii de tip satanist. Prin folosirea aceluia\u015fi ciob, inculpatul T.I.A. i-a provocat minorei leziuni \u00een palme, s\u00e2ngele rezultat fiind ingerat de c\u0103tre acesta. <\/span><\/span><\/p>\n<p style=\"text-align: justify;\"><span id=\"cch_f14e558bc19070c\" class=\"_mh6 _wsc\"><span class=\"_3oh- _58nk\">Ulterior, \u00eentruc\u00e2t persoana v\u0103t\u0103mat\u0103 minor\u0103 era emo\u021bionat\u0103 de cele \u00eent\u00e2mplate, la solicitarea sa, inculpatul T.I.A. i-a dat o \u021bigar\u0103 tip joint din care a tras 3 fumuri, dup\u0103 care a acuzat o stare de r\u0103u, pierz\u00e2ndu-\u0219i cuno\u0219tin\u021ba. \u00cen diminea\u021ba zilei urm\u0103toare, victima minor\u0103 s-a trezit \u00een acela\u015fi loc, pe o saltea carbonizat\u0103, fiind complet dezbr\u0103cat\u0103, av\u00e2nd \u00eenfipte \u00een palma dreapt\u0103 cioburi de circa 2-3 cm \u015fi acuz\u00e2nd dureri puternice \u00een zona genital\u0103 \u015fi de abdomen. Dup\u0103 aproximativ 8-9 zile de la acest eveniment, minorei i-a fost prezentat la liceu de c\u0103tre o coleg\u0103 un fi\u015fier video \u00een care aceasta s-a recunoscut, \u00eenregistrarea reprezent\u00e2nd momente \u00een care \u00eentre\u0163inea un raport sexual cu inculpatul T.I.A. <\/span><\/span><\/p>\n<p style=\"text-align: justify;\"><span id=\"cch_f14e558bc19070c\" class=\"_mh6 _wsc\"><span class=\"_3oh- _58nk\">De asemenea, \u00een urma cercet\u0103rilor efectuate la locul faptei, \u00een imediata apropiere a desenului reprezent\u00e2nd hexagrama fost g\u0103sit\u0103 o cruce din lemn ce prezint\u0103 pe una din fe\u021be modele sculptate cu motive populare. La \u00eembinarea celor dou\u0103 laturi ale crucii au fost identificate urme de carbonizare \u0219i cear\u0103 topit\u0103. <\/span><\/span><\/p>\n<p style=\"text-align: justify;\"><span id=\"cch_f14e558bc19070c\" class=\"_mh6 _wsc\"><span class=\"_3oh- _58nk\">La data de 03.11.2019, ofi\u021berii de poli\u021bie judiciar\u0103 din cadrul Serviciului de Combatere a Criminalit\u0103\u021bii Organizate Giurgiu l-au depistat pe inculpatul T.I.A. \u00een Aeroportul Interna\u021bional Henri Coand\u0103 \u0219i l-au condus la sediul D.I.I.C.O.T. \u2013 Biroul Teritorial Giurgiu. <\/span><\/span><\/p>\n<p style=\"text-align: justify;\"><span id=\"cch_f14e558bc19070c\" class=\"_mh6 _wsc\"><span class=\"_3oh- _58nk\">La data de 04.11.2019, Tribunalul Giurgiu a dispus arestarea preventiv\u0103 a inculpatului T.I.A. pentru o perioad\u0103 de 30 de zile. Suportul de specialitate a fost asigurat de c\u0103tre Direc\u0163ia Opera\u0163iuni Speciale. <\/span><\/span><\/p>\n<p style=\"text-align: justify;\"><span id=\"cch_f14e558bc19070c\" class=\"_mh6 _wsc\"><span class=\"_3oh- _58nk\">Facem precizarea c\u0103 pe \u00eentreg parcursul procesului penal, inculpatul beneficiaz\u0103 de drepturile \u0219i garan\u021biile procesuale prev\u0103zute de Codul de procedur\u0103 penal\u0103, precum \u0219i de prezum\u021bia de nevinov\u0103\u021bie.<\/span><\/span><\/p>\n","protected":false},"excerpt":{"rendered":"<p>La data de<\/p>\n","protected":false},"author":1,"featured_media":0,"comment_status":"open","ping_status":"open","sticky":false,"template":"","format":"standard","meta":{"footnotes":""},"categories":[6],"tags":[],"class_list":["post-64067","post","type-post","status-publish","format-standard","hentry","category-breaking-news"],"_links":{"self":[{"href":"https:\/\/www.giurgiuveanul.ro\/stiri\/wp-json\/wp\/v2\/posts\/64067","targetHints":{"allow":["GET"]}}],"collection":[{"href":"https:\/\/www.giurgiuveanul.ro\/stiri\/wp-json\/wp\/v2\/posts"}],"about":[{"href":"https:\/\/www.giurgiuveanul.ro\/stiri\/wp-json\/wp\/v2\/types\/post"}],"author":[{"embeddable":true,"href":"https:\/\/www.giurgiuveanul.ro\/stiri\/wp-json\/wp\/v2\/users\/1"}],"replies":[{"embeddable":true,"href":"https:\/\/www.giurgiuveanul.ro\/stiri\/wp-json\/wp\/v2\/comments?post=64067"}],"version-history":[{"count":0,"href":"https:\/\/www.giurgiuveanul.ro\/stiri\/wp-json\/wp\/v2\/posts\/64067\/revisions"}],"wp:attachment":[{"href":"https:\/\/www.giurgiuveanul.ro\/stiri\/wp-json\/wp\/v2\/media?parent=64067"}],"wp:term":[{"taxonomy":"category","embeddable":true,"href":"https:\/\/www.giurgiuveanul.ro\/stiri\/wp-json\/wp\/v2\/categories?post=64067"},{"taxonomy":"post_tag","embeddable":true,"href":"https:\/\/www.giurgiuveanul.ro\/stiri\/wp-json\/wp\/v2\/tags?post=64067"}],"curies":[{"name":"wp","href":"https:\/\/api.w.org\/{rel}","templated":true}]}}