{"id":64072,"date":"2019-11-05T11:02:47","date_gmt":"2019-11-05T09:02:47","guid":{"rendered":"https:\/\/www.giurgiuveanul.ro\/stiri\/?p=64072"},"modified":"2019-11-05T11:02:47","modified_gmt":"2019-11-05T09:02:47","slug":"miercuri-6-noiembrie-programul-national-casa-verde-fotovoltaice-va-fi-reluat","status":"publish","type":"post","link":"https:\/\/www.giurgiuveanul.ro\/stiri\/miercuri-6-noiembrie-programul-national-casa-verde-fotovoltaice-va-fi-reluat\/","title":{"rendered":"Miercuri, 6 noiembrie, programul na\u021bional Casa Verde Fotovoltaice va fi reluat"},"content":{"rendered":"<p style=\"text-align: justify;\"><strong><a href=\"https:\/\/www.giurgiuveanul.ro\/stiri\/wp-content\/uploads\/2019\/11\/1024x683x38159991_m.jpg.pagespeed.ic_.ODTw54NK38.jpg\"><img loading=\"lazy\" decoding=\"async\" class=\"aligncenter size-large wp-image-64074\" src=\"https:\/\/www.giurgiuveanul.ro\/stiri\/wp-content\/uploads\/2019\/11\/1024x683x38159991_m.jpg.pagespeed.ic_.ODTw54NK38-560x374.jpg\" alt=\"1024x683x38159991_m.jpg.pagespeed.ic.ODTw54NK38\" width=\"560\" height=\"374\" srcset=\"https:\/\/www.giurgiuveanul.ro\/stiri\/wp-content\/uploads\/2019\/11\/1024x683x38159991_m.jpg.pagespeed.ic_.ODTw54NK38-560x374.jpg 560w, https:\/\/www.giurgiuveanul.ro\/stiri\/wp-content\/uploads\/2019\/11\/1024x683x38159991_m.jpg.pagespeed.ic_.ODTw54NK38-250x167.jpg 250w, https:\/\/www.giurgiuveanul.ro\/stiri\/wp-content\/uploads\/2019\/11\/1024x683x38159991_m.jpg.pagespeed.ic_.ODTw54NK38-400x267.jpg 400w, https:\/\/www.giurgiuveanul.ro\/stiri\/wp-content\/uploads\/2019\/11\/1024x683x38159991_m.jpg.pagespeed.ic_.ODTw54NK38.jpg 1024w\" sizes=\"auto, (max-width: 560px) 100vw, 560px\" \/><\/a>Administra\u0163ia Fondului de Mediu (AFM)<!--more--> a anun\u021bat c\u0103 programul prin care se finan\u021beaz\u0103 instalarea sistemelor de panouri fotovoltaice pentru producerea de energie electric\u0103 va fi reluat de miercuri, 6 noiembrie, ora 10.00. De la aceast\u0103 dat\u0103, instalatorii valida\u0163i vor putea s\u0103 continue \u00eenscrierea persoanelor fizice \u00een aplica\u0163ia informatic\u0103, scrie\u00a0<a href=\"https:\/\/romania24.ro\/\" target=\"_blank\" rel=\"noopener noreferrer\">Romania24<\/a>.<\/strong><\/p>\n<p style=\"text-align: justify;\">Potrivit AFM, persoanele fizice care nu au depus \u015fi nu au \u00eenregistrat documentele la instalatorii valida\u0163i p\u00e2n\u0103 \u00een data de 10 septembrie vor avea posibilitatea de a depune la instalatori documentele solicitate, cu condi\u0163ia ca acestea s\u0103 fie valabile la data \u00eenregistr\u0103rii \u00een aplica\u0163ia informatic\u0103.<\/p>\n<p style=\"text-align: justify;\">\u00a0\u201cToate documentele \u00eenregistrate cu succes \u00een aplica\u0163ia informatic\u0103, precum \u015fi cele \u00eenregistrate \u00een registrul instalatorilor care nu au fost \u00eenc\u0103rcate \u00een aplica\u0163ie p\u00e2n\u0103 la momentul suspend\u0103rii accesului \u00een aplica\u0163ia informatic\u0103, sunt acceptate de Administra\u0163ia Fondului pentru Mediu ca fiind depuse \u00een termen, \u00een vederea analiz\u0103rii\u201d, se men\u0163ioneaz\u0103 \u00een comunicat.<\/p>\n<p style=\"text-align: justify;\">Valoarea contractului de finan\u0163are este de 536 milioane lei, sum\u0103 asigurat\u0103 din Programul Opera\u0163ional Regional (POR). Valoarea total\u0103 a finan\u0163\u0103rii acordate pentru acest program se ridic\u0103 la aproximativ 656 milioane lei, Administra\u0163ia Fondului pentru Mediu asigur\u00e2nd, din Fondul pentru Mediu, sumele necesare pentru regiunea Bucure\u015fti \u2013 Ilfov.<\/p>\n<p style=\"text-align: justify;\">Scopul programului \u00eel reprezint\u0103 cre\u015fterea eficien\u0163ei energetice, \u00eembun\u0103t\u0103\u0163irea calit\u0103\u0163ii aerului \u015fi reducerea emisiilor de gaze cu efect de ser\u0103, prin utilizarea sistemelor de panouri fotovoltaice pentru producerea de energie electric\u0103 necesar\u0103 consumului propriu \u015fi livrarea surplusului \u00een sistemul energetic na\u0163ional.<\/p>\n<p style=\"text-align: justify;\">Finan\u0163area se acord\u0103 \u00een procent de p\u00e2n\u0103 la 90% din valoarea total\u0103 a cheltuielilor eligibile, \u00een limita sumei de 20.000 lei. Suma finan\u0163at\u0103 de AFM se scade de c\u0103tre instalatorul validat din valoarea total\u0103 a facturii, iar diferen\u0163a se suport\u0103 de c\u0103tre beneficiarul final, din surse financiare proprii.<\/p>\n","protected":false},"excerpt":{"rendered":"<p>Administra\u0163ia Fondului de Mediu (AFM)<\/p>\n","protected":false},"author":1,"featured_media":0,"comment_status":"open","ping_status":"open","sticky":false,"template":"","format":"standard","meta":{"footnotes":""},"categories":[6],"tags":[],"class_list":["post-64072","post","type-post","status-publish","format-standard","hentry","category-breaking-news"],"_links":{"self":[{"href":"https:\/\/www.giurgiuveanul.ro\/stiri\/wp-json\/wp\/v2\/posts\/64072","targetHints":{"allow":["GET"]}}],"collection":[{"href":"https:\/\/www.giurgiuveanul.ro\/stiri\/wp-json\/wp\/v2\/posts"}],"about":[{"href":"https:\/\/www.giurgiuveanul.ro\/stiri\/wp-json\/wp\/v2\/types\/post"}],"author":[{"embeddable":true,"href":"https:\/\/www.giurgiuveanul.ro\/stiri\/wp-json\/wp\/v2\/users\/1"}],"replies":[{"embeddable":true,"href":"https:\/\/www.giurgiuveanul.ro\/stiri\/wp-json\/wp\/v2\/comments?post=64072"}],"version-history":[{"count":0,"href":"https:\/\/www.giurgiuveanul.ro\/stiri\/wp-json\/wp\/v2\/posts\/64072\/revisions"}],"wp:attachment":[{"href":"https:\/\/www.giurgiuveanul.ro\/stiri\/wp-json\/wp\/v2\/media?parent=64072"}],"wp:term":[{"taxonomy":"category","embeddable":true,"href":"https:\/\/www.giurgiuveanul.ro\/stiri\/wp-json\/wp\/v2\/categories?post=64072"},{"taxonomy":"post_tag","embeddable":true,"href":"https:\/\/www.giurgiuveanul.ro\/stiri\/wp-json\/wp\/v2\/tags?post=64072"}],"curies":[{"name":"wp","href":"https:\/\/api.w.org\/{rel}","templated":true}]}}