{"id":64082,"date":"2019-11-06T09:34:37","date_gmt":"2019-11-06T07:34:37","guid":{"rendered":"https:\/\/www.giurgiuveanul.ro\/stiri\/?p=64082"},"modified":"2019-11-06T09:34:37","modified_gmt":"2019-11-06T07:34:37","slug":"perchezitii-la-contrabandisti-de-tutun","status":"publish","type":"post","link":"https:\/\/www.giurgiuveanul.ro\/stiri\/perchezitii-la-contrabandisti-de-tutun\/","title":{"rendered":"Perchezi\u021bii la contrabandi\u0219ti de tutun!"},"content":{"rendered":"<p style=\"text-align: justify;\"><a href=\"https:\/\/www.giurgiuveanul.ro\/stiri\/wp-content\/uploads\/2019\/11\/images_mascati.jpg\"><img loading=\"lazy\" decoding=\"async\" class=\"aligncenter size-large wp-image-64083\" src=\"https:\/\/www.giurgiuveanul.ro\/stiri\/wp-content\/uploads\/2019\/11\/images_mascati-560x374.jpg\" alt=\"images_mascati\" width=\"560\" height=\"374\" srcset=\"https:\/\/www.giurgiuveanul.ro\/stiri\/wp-content\/uploads\/2019\/11\/images_mascati-560x374.jpg 560w, https:\/\/www.giurgiuveanul.ro\/stiri\/wp-content\/uploads\/2019\/11\/images_mascati-250x167.jpg 250w, https:\/\/www.giurgiuveanul.ro\/stiri\/wp-content\/uploads\/2019\/11\/images_mascati-400x267.jpg 400w, https:\/\/www.giurgiuveanul.ro\/stiri\/wp-content\/uploads\/2019\/11\/images_mascati.jpg 700w\" sizes=\"auto, (max-width: 560px) 100vw, 560px\" \/><\/a>\u00cen aceast\u0103 diminea\u021b\u0103, poli\u021bi\u0219tii Serviciului de Investigare a Criminalit\u0103\u021bii Economice Giurgiu, sub coordonarea<!--more--> Direc\u021biei de Investigare a Criminalit\u0103\u021bii Economice, \u00eempreun\u0103 cu un procuror din cadrul Parchetului de pe l\u00e2ng\u0103 Judec\u0103toria Bolintin Vale, efectueaz\u0103 24 de perchezi\u021bii domiciliare \u00een municipiul Bucure\u0219ti \u0219i \u00een jude\u021bele Ilfov \u0219i C\u0103l\u0103ra\u0219i, la persoane b\u0103nuite de prelucrare ilegal\u0103 de tutun \u0219i comercializarea acestuia.<\/p>\n<p style=\"text-align: justify;\">Activit\u0103\u021bile se desf\u0103\u0219oar\u0103 \u00eentr-un dosar penal \u00een care se efectueaz\u0103 cercet\u0103ri pentru s\u0103v\u00e2r\u0219irea infrac\u021biunilor de producere de tutun de fumat \u00een afara antrepozitului fiscal \u0219i de\u021binere \u0219i comercializare de tutun de fumat \u00een afara antrepozitului fiscal.<\/p>\n<p style=\"text-align: justify;\">Din cercet\u0103ri a reie\u0219it faptul c\u0103 tutunul era adus din Bulgaria, vrac frunz\u0103, neprelucrat \u0219i era\u00a0\u00a0 comercializat prin firme de curierat.<\/p>\n<p style=\"text-align: justify;\">Cu aceast\u0103 ocazie sunt c\u0103utate instala\u021bii de prelucrare a tutunului, respectiv cazane de fierbere, usc\u0103toare, mori de tocat \u0219i tutun.<\/p>\n<p style=\"text-align: justify;\">Poli\u021bi\u0219tii vor pune \u00een aplicare 11 mandate de aducere, persoanele depistate urm\u00e2nd s\u0103 fie conduse la sediul I.P.J. Giurgiu, pentru audieri.<\/p>\n<p style=\"text-align: justify;\">Cercet\u0103rile sunt continuate sub coordonarea procurorului din cadrul Parchetului de pe l\u00e2ng\u0103 Judec\u0103toria Bolintin Vale.<\/p>\n<p style=\"text-align: justify;\">Ac\u021biunea a beneficiat de sprijinul poli\u021bi\u0219tilor din cadrul D.G.P.M.B., I.P.J. Ilfov, I.P.J. C\u0103l\u0103ra\u0219i, al Direc\u021biei Generale a V\u0103milor \u0219i al Direc\u021biei Opera\u021biuni Speciale \u0219i al lupt\u0103torilor S.I.A.S. din cadrul I.G.P.R.<\/p>\n","protected":false},"excerpt":{"rendered":"<p>\u00cen aceast\u0103 diminea\u021b\u0103, poli\u021bi\u0219tii Serviciului de Investigare a Criminalit\u0103\u021bii Economice Giurgiu, sub coordonarea<\/p>\n","protected":false},"author":1,"featured_media":0,"comment_status":"open","ping_status":"open","sticky":false,"template":"","format":"standard","meta":{"footnotes":""},"categories":[6],"tags":[],"class_list":["post-64082","post","type-post","status-publish","format-standard","hentry","category-breaking-news"],"_links":{"self":[{"href":"https:\/\/www.giurgiuveanul.ro\/stiri\/wp-json\/wp\/v2\/posts\/64082","targetHints":{"allow":["GET"]}}],"collection":[{"href":"https:\/\/www.giurgiuveanul.ro\/stiri\/wp-json\/wp\/v2\/posts"}],"about":[{"href":"https:\/\/www.giurgiuveanul.ro\/stiri\/wp-json\/wp\/v2\/types\/post"}],"author":[{"embeddable":true,"href":"https:\/\/www.giurgiuveanul.ro\/stiri\/wp-json\/wp\/v2\/users\/1"}],"replies":[{"embeddable":true,"href":"https:\/\/www.giurgiuveanul.ro\/stiri\/wp-json\/wp\/v2\/comments?post=64082"}],"version-history":[{"count":0,"href":"https:\/\/www.giurgiuveanul.ro\/stiri\/wp-json\/wp\/v2\/posts\/64082\/revisions"}],"wp:attachment":[{"href":"https:\/\/www.giurgiuveanul.ro\/stiri\/wp-json\/wp\/v2\/media?parent=64082"}],"wp:term":[{"taxonomy":"category","embeddable":true,"href":"https:\/\/www.giurgiuveanul.ro\/stiri\/wp-json\/wp\/v2\/categories?post=64082"},{"taxonomy":"post_tag","embeddable":true,"href":"https:\/\/www.giurgiuveanul.ro\/stiri\/wp-json\/wp\/v2\/tags?post=64082"}],"curies":[{"name":"wp","href":"https:\/\/api.w.org\/{rel}","templated":true}]}}