{"id":64089,"date":"2019-11-06T16:41:51","date_gmt":"2019-11-06T14:41:51","guid":{"rendered":"https:\/\/www.giurgiuveanul.ro\/stiri\/?p=64089"},"modified":"2019-11-06T17:50:59","modified_gmt":"2019-11-06T15:50:59","slug":"giurgiuvean-de-46-de-ani-cazut-de-la-etaj-in-zona-meteor","status":"publish","type":"post","link":"https:\/\/www.giurgiuveanul.ro\/stiri\/giurgiuvean-de-46-de-ani-cazut-de-la-etaj-in-zona-meteor\/","title":{"rendered":"Un giurgiuvean, de 46 de ani, a c\u0103zut de la etaj, \u00een zona \u201eMeteor\u201d!"},"content":{"rendered":"<p style=\"text-align: justify;\"><a href=\"https:\/\/www.giurgiuveanul.ro\/stiri\/wp-content\/uploads\/2019\/11\/74580675_432159744155462_1454628616255045632_n.jpg\"><img loading=\"lazy\" decoding=\"async\" class=\"aligncenter size-large wp-image-64090\" src=\"https:\/\/www.giurgiuveanul.ro\/stiri\/wp-content\/uploads\/2019\/11\/74580675_432159744155462_1454628616255045632_n-560x420.jpg\" alt=\"74580675_432159744155462_1454628616255045632_n\" width=\"560\" height=\"420\" srcset=\"https:\/\/www.giurgiuveanul.ro\/stiri\/wp-content\/uploads\/2019\/11\/74580675_432159744155462_1454628616255045632_n-560x420.jpg 560w, https:\/\/www.giurgiuveanul.ro\/stiri\/wp-content\/uploads\/2019\/11\/74580675_432159744155462_1454628616255045632_n-250x188.jpg 250w, https:\/\/www.giurgiuveanul.ro\/stiri\/wp-content\/uploads\/2019\/11\/74580675_432159744155462_1454628616255045632_n-400x300.jpg 400w, https:\/\/www.giurgiuveanul.ro\/stiri\/wp-content\/uploads\/2019\/11\/74580675_432159744155462_1454628616255045632_n.jpg 2048w\" sizes=\"auto, (max-width: 560px) 100vw, 560px\" \/><\/a>\u00cen urm\u0103 cu pu\u0163in timp, un b\u0103rbat, \u00een v\u00e2rst\u0103 de 46 de ani, care<!--more--> \u00eencerca s\u0103 lege ni\u015fte cabluri, s-ar fi pr\u0103bu\u015fit de la etajul cl\u0103dirii \u00een care a func\u0163ionat fostul \u201eMeteor\u201d.<\/p>\n<p style=\"text-align: justify;\">Potrivit martorilor, victima, aflat\u0103 \u00een stare grav\u0103, a fost transportat\u0103 de echipajele medicale la Spitalul Jude\u0163ean de Urgen\u0163\u0103, unde medicii efectueaz\u0103 manevrele de resuscitare\u00a0cardio-respiratorie.<\/p>\n<p style=\"text-align: justify;\"><strong>UPDATE. La ora 17:30 s-a reu\u015fit stabilizarea victimei \u015fi urmeaz\u0103 a fi transportat\u0103 de un echipaj de la Serviciul Jude\u0163ean de Ambulan\u0163 Giurgiu, la Spitalul &#8222;Bagdasar Arseni&#8221; din capital\u0103.<\/strong><\/p>\n","protected":false},"excerpt":{"rendered":"<p>\u00cen urm\u0103 cu pu\u0163in timp, un b\u0103rbat, \u00een v\u00e2rst\u0103 de 46 de ani, care<\/p>\n","protected":false},"author":1,"featured_media":0,"comment_status":"open","ping_status":"open","sticky":false,"template":"","format":"standard","meta":{"footnotes":""},"categories":[6],"tags":[],"class_list":["post-64089","post","type-post","status-publish","format-standard","hentry","category-breaking-news"],"_links":{"self":[{"href":"https:\/\/www.giurgiuveanul.ro\/stiri\/wp-json\/wp\/v2\/posts\/64089","targetHints":{"allow":["GET"]}}],"collection":[{"href":"https:\/\/www.giurgiuveanul.ro\/stiri\/wp-json\/wp\/v2\/posts"}],"about":[{"href":"https:\/\/www.giurgiuveanul.ro\/stiri\/wp-json\/wp\/v2\/types\/post"}],"author":[{"embeddable":true,"href":"https:\/\/www.giurgiuveanul.ro\/stiri\/wp-json\/wp\/v2\/users\/1"}],"replies":[{"embeddable":true,"href":"https:\/\/www.giurgiuveanul.ro\/stiri\/wp-json\/wp\/v2\/comments?post=64089"}],"version-history":[{"count":0,"href":"https:\/\/www.giurgiuveanul.ro\/stiri\/wp-json\/wp\/v2\/posts\/64089\/revisions"}],"wp:attachment":[{"href":"https:\/\/www.giurgiuveanul.ro\/stiri\/wp-json\/wp\/v2\/media?parent=64089"}],"wp:term":[{"taxonomy":"category","embeddable":true,"href":"https:\/\/www.giurgiuveanul.ro\/stiri\/wp-json\/wp\/v2\/categories?post=64089"},{"taxonomy":"post_tag","embeddable":true,"href":"https:\/\/www.giurgiuveanul.ro\/stiri\/wp-json\/wp\/v2\/tags?post=64089"}],"curies":[{"name":"wp","href":"https:\/\/api.w.org\/{rel}","templated":true}]}}