{"id":64199,"date":"2019-11-11T09:53:27","date_gmt":"2019-11-11T07:53:27","guid":{"rendered":"https:\/\/www.giurgiuveanul.ro\/stiri\/?p=64199"},"modified":"2019-11-11T10:26:53","modified_gmt":"2019-11-11T08:26:53","slug":"rezultate-oficiale-alegeri-prezidentiale-2019-dupa-prelucrarea-999-din-buletinele-de-vot","status":"publish","type":"post","link":"https:\/\/www.giurgiuveanul.ro\/stiri\/rezultate-oficiale-alegeri-prezidentiale-2019-dupa-prelucrarea-999-din-buletinele-de-vot\/","title":{"rendered":"REZULTATE oficiale, alegeri preziden\u021biale 2019 dup\u0103 prelucrarea a 99,9% din buletinele de vot!"},"content":{"rendered":"<p style=\"text-align: justify;\"><strong><a href=\"https:\/\/www.giurgiuveanul.ro\/stiri\/wp-content\/uploads\/2019\/11\/befunky-collage-1.jpg\"><img loading=\"lazy\" decoding=\"async\" class=\"aligncenter size-full wp-image-64200\" src=\"https:\/\/www.giurgiuveanul.ro\/stiri\/wp-content\/uploads\/2019\/11\/befunky-collage-1.jpg\" alt=\"befunky-collage-1\" width=\"559\" height=\"339\" srcset=\"https:\/\/www.giurgiuveanul.ro\/stiri\/wp-content\/uploads\/2019\/11\/befunky-collage-1.jpg 559w, https:\/\/www.giurgiuveanul.ro\/stiri\/wp-content\/uploads\/2019\/11\/befunky-collage-1-250x152.jpg 250w, https:\/\/www.giurgiuveanul.ro\/stiri\/wp-content\/uploads\/2019\/11\/befunky-collage-1-400x243.jpg 400w\" sizes=\"auto, (max-width: 559px) 100vw, 559px\" \/><\/a>Biroul Electoral Central a publicat rezultate par\u021biale pentru alegerile preziden\u021biale 2019 dup\u0103 prelucrarea a<!--more--> 99,9% din buletinele de vot. Pre\u0219edintele \u00een func\u021bie, Klaus Iohannis, a c\u00e2\u0219tigat primul tur al alegerilor preziden\u021biale, cu peste 37 de procente, \u00een timp ce D\u0103ncil\u0103 a trecut de 22%.<\/strong><\/p>\n<div style=\"text-align: justify;\">Rezultate provizorii (luni, ora 8.00). Pre\u0219edintele \u00een func\u021bie, Klaus Iohannis, a c\u00e2\u0219tigat primul tur al alegerilor preziden\u021biale. Peste 37 de procente a adunat, dup\u0103 centralizarea datelor provizorii din aproape toate sec\u021biile din \u021bar\u0103 \u0219i a peste 60% dintre sec\u021biile din diaspora. Locul doi, care \u00eei asigur\u0103 \u0219i intrarea \u00een turul al doilea, a fost ocupat de Viorica D\u0103ncil\u0103, candidata PSD.* Klaus Iohannis: 37,58% (3,393,552 voturi)* Viorica D\u0103ncil\u0103: 22,67% (2,047,115 voturi)<\/p>\n<p>* Dan Barna: 14,66% (1,324,081 voturi)<\/p>\n<p>* Mircea Diaconu: 8,95%<\/p>\n<\/div>\n<div style=\"text-align: justify;\">* Toader Paleologu: 5,7%* Kelemen Hunor: 3,95%*Ramona Ioana Bruynseels- 2,7%<\/p>\n<p>*Alexandru Cump\u0103na\u0219u-1,4%<\/p>\n<p>*Viorel Cataram\u0103-0,5%<\/p>\n<p>* Bogdan Stanoevici-0,4%<\/p>\n<p>*John-Ion Banu-0,3%<\/p>\n<p>* Sebastian Constantin Popescu- 0,3%<\/p>\n<p>* Ninel Peia-0,3%<\/p>\n<p>Sursa: BEC (rezultatele includ 60% dintre voturile din diaspora)<\/p>\n<\/div>\n","protected":false},"excerpt":{"rendered":"<p>Biroul Electoral Central a publicat rezultate par\u021biale pentru alegerile preziden\u021biale 2019 dup\u0103 prelucrarea a<\/p>\n","protected":false},"author":1,"featured_media":0,"comment_status":"open","ping_status":"open","sticky":false,"template":"","format":"standard","meta":{"footnotes":""},"categories":[6],"tags":[],"class_list":["post-64199","post","type-post","status-publish","format-standard","hentry","category-breaking-news"],"_links":{"self":[{"href":"https:\/\/www.giurgiuveanul.ro\/stiri\/wp-json\/wp\/v2\/posts\/64199","targetHints":{"allow":["GET"]}}],"collection":[{"href":"https:\/\/www.giurgiuveanul.ro\/stiri\/wp-json\/wp\/v2\/posts"}],"about":[{"href":"https:\/\/www.giurgiuveanul.ro\/stiri\/wp-json\/wp\/v2\/types\/post"}],"author":[{"embeddable":true,"href":"https:\/\/www.giurgiuveanul.ro\/stiri\/wp-json\/wp\/v2\/users\/1"}],"replies":[{"embeddable":true,"href":"https:\/\/www.giurgiuveanul.ro\/stiri\/wp-json\/wp\/v2\/comments?post=64199"}],"version-history":[{"count":0,"href":"https:\/\/www.giurgiuveanul.ro\/stiri\/wp-json\/wp\/v2\/posts\/64199\/revisions"}],"wp:attachment":[{"href":"https:\/\/www.giurgiuveanul.ro\/stiri\/wp-json\/wp\/v2\/media?parent=64199"}],"wp:term":[{"taxonomy":"category","embeddable":true,"href":"https:\/\/www.giurgiuveanul.ro\/stiri\/wp-json\/wp\/v2\/categories?post=64199"},{"taxonomy":"post_tag","embeddable":true,"href":"https:\/\/www.giurgiuveanul.ro\/stiri\/wp-json\/wp\/v2\/tags?post=64199"}],"curies":[{"name":"wp","href":"https:\/\/api.w.org\/{rel}","templated":true}]}}