{"id":64202,"date":"2019-11-11T10:12:17","date_gmt":"2019-11-11T08:12:17","guid":{"rendered":"https:\/\/www.giurgiuveanul.ro\/stiri\/?p=64202"},"modified":"2019-11-11T10:17:57","modified_gmt":"2019-11-11T08:17:57","slug":"alerta-meteo-anm-11-noiembrie-2019-cod-galben-de-ceata-in-judetul-giurgiu","status":"publish","type":"post","link":"https:\/\/www.giurgiuveanul.ro\/stiri\/alerta-meteo-anm-11-noiembrie-2019-cod-galben-de-ceata-in-judetul-giurgiu\/","title":{"rendered":"Alert\u0103 meteo ANM, 11 noiembrie 2019. Cod galben de cea\u021b\u0103 \u00een jude\u0163ul Giurgiu!"},"content":{"rendered":"<p style=\"text-align: justify;\"><strong><a href=\"https:\/\/www.giurgiuveanul.ro\/stiri\/wp-content\/uploads\/2019\/11\/cod-galben-de-ceata-densa-in-noua-judete-luni-dimineata.jpg\"><img loading=\"lazy\" decoding=\"async\" class=\"aligncenter size-large wp-image-64203\" src=\"https:\/\/www.giurgiuveanul.ro\/stiri\/wp-content\/uploads\/2019\/11\/cod-galben-de-ceata-densa-in-noua-judete-luni-dimineata-560x346.jpg\" alt=\"cod-galben-de-ceata-densa-in-noua-judete-luni-dimineata\" width=\"560\" height=\"346\" srcset=\"https:\/\/www.giurgiuveanul.ro\/stiri\/wp-content\/uploads\/2019\/11\/cod-galben-de-ceata-densa-in-noua-judete-luni-dimineata-560x346.jpg 560w, https:\/\/www.giurgiuveanul.ro\/stiri\/wp-content\/uploads\/2019\/11\/cod-galben-de-ceata-densa-in-noua-judete-luni-dimineata-250x154.jpg 250w, https:\/\/www.giurgiuveanul.ro\/stiri\/wp-content\/uploads\/2019\/11\/cod-galben-de-ceata-densa-in-noua-judete-luni-dimineata-400x247.jpg 400w, https:\/\/www.giurgiuveanul.ro\/stiri\/wp-content\/uploads\/2019\/11\/cod-galben-de-ceata-densa-in-noua-judete-luni-dimineata.jpg 670w\" sizes=\"auto, (max-width: 560px) 100vw, 560px\" \/><\/a>Administra\u0163ia Na\u0163ional\u0103 de Meteorologie (ANM) a emis, luni diminea\u0163a, mai multe avertiz\u0103ri nowcasting Cod galben de cea\u0163\u0103 dens\u0103, valabile \u00een<!--more--> nou\u0103 jude\u0163e din Muntenia \u015fi Transilvania.<\/strong><\/p>\n<p style=\"text-align: justify;\">Potrivit meteorologilor, <strong>\u00een jude\u0163ul Giurgiu Codul galben este valabil \u00eentre orele 10:00-12:00<\/strong>, perioad\u0103 \u00een care\u00a0se va semnala cea\u0163\u0103 ce determin\u0103 vizibilitate redus\u0103, local sub 200 de metri, informeaz\u0103 Prefectura Giurgiu.<\/p>\n","protected":false},"excerpt":{"rendered":"<p>Administra\u0163ia Na\u0163ional\u0103 de Meteorologie (ANM) a emis, luni diminea\u0163a, mai multe avertiz\u0103ri nowcasting Cod galben de cea\u0163\u0103 dens\u0103, valabile \u00een<\/p>\n","protected":false},"author":1,"featured_media":0,"comment_status":"open","ping_status":"open","sticky":false,"template":"","format":"standard","meta":{"footnotes":""},"categories":[6],"tags":[],"class_list":["post-64202","post","type-post","status-publish","format-standard","hentry","category-breaking-news"],"_links":{"self":[{"href":"https:\/\/www.giurgiuveanul.ro\/stiri\/wp-json\/wp\/v2\/posts\/64202","targetHints":{"allow":["GET"]}}],"collection":[{"href":"https:\/\/www.giurgiuveanul.ro\/stiri\/wp-json\/wp\/v2\/posts"}],"about":[{"href":"https:\/\/www.giurgiuveanul.ro\/stiri\/wp-json\/wp\/v2\/types\/post"}],"author":[{"embeddable":true,"href":"https:\/\/www.giurgiuveanul.ro\/stiri\/wp-json\/wp\/v2\/users\/1"}],"replies":[{"embeddable":true,"href":"https:\/\/www.giurgiuveanul.ro\/stiri\/wp-json\/wp\/v2\/comments?post=64202"}],"version-history":[{"count":0,"href":"https:\/\/www.giurgiuveanul.ro\/stiri\/wp-json\/wp\/v2\/posts\/64202\/revisions"}],"wp:attachment":[{"href":"https:\/\/www.giurgiuveanul.ro\/stiri\/wp-json\/wp\/v2\/media?parent=64202"}],"wp:term":[{"taxonomy":"category","embeddable":true,"href":"https:\/\/www.giurgiuveanul.ro\/stiri\/wp-json\/wp\/v2\/categories?post=64202"},{"taxonomy":"post_tag","embeddable":true,"href":"https:\/\/www.giurgiuveanul.ro\/stiri\/wp-json\/wp\/v2\/tags?post=64202"}],"curies":[{"name":"wp","href":"https:\/\/api.w.org\/{rel}","templated":true}]}}