{"id":64214,"date":"2019-11-11T10:49:04","date_gmt":"2019-11-11T08:49:04","guid":{"rendered":"https:\/\/www.giurgiuveanul.ro\/stiri\/?p=64214"},"modified":"2019-11-11T11:01:56","modified_gmt":"2019-11-11T09:01:56","slug":"in-giurgiu-viorica-dancila-castigat-la-diferenta-mare-in-fata-lui-klaus-iohannis","status":"publish","type":"post","link":"https:\/\/www.giurgiuveanul.ro\/stiri\/in-giurgiu-viorica-dancila-castigat-la-diferenta-mare-in-fata-lui-klaus-iohannis\/","title":{"rendered":"\u00cen Giurgiu, Viorica D\u0103ncil\u0103 a c\u00e2\u0219tigat la diferen\u021b\u0103 mare \u00een fa\u021ba lui Klaus Iohannis"},"content":{"rendered":"<p style=\"text-align: justify;\"><strong><a href=\"https:\/\/www.giurgiuveanul.ro\/stiri\/wp-content\/uploads\/2019\/11\/dancila_rade_bun_bun.jpg\"><img loading=\"lazy\" decoding=\"async\" class=\"aligncenter size-large wp-image-64215\" src=\"https:\/\/www.giurgiuveanul.ro\/stiri\/wp-content\/uploads\/2019\/11\/dancila_rade_bun_bun-560x361.jpg\" alt=\"dancila_rade_bun_bun\" width=\"560\" height=\"361\" srcset=\"https:\/\/www.giurgiuveanul.ro\/stiri\/wp-content\/uploads\/2019\/11\/dancila_rade_bun_bun-560x361.jpg 560w, https:\/\/www.giurgiuveanul.ro\/stiri\/wp-content\/uploads\/2019\/11\/dancila_rade_bun_bun-250x161.jpg 250w, https:\/\/www.giurgiuveanul.ro\/stiri\/wp-content\/uploads\/2019\/11\/dancila_rade_bun_bun-400x258.jpg 400w, https:\/\/www.giurgiuveanul.ro\/stiri\/wp-content\/uploads\/2019\/11\/dancila_rade_bun_bun.jpg 1024w\" sizes=\"auto, (max-width: 560px) 100vw, 560px\" \/><\/a>Dup\u0103 centralizarea datelor din 100% dintre sec\u021biile de vot din jude\u0163ul Giurgiu, rezultatele arat\u0103 c\u0103 cel mai mare num\u0103r de voturi a fost ob\u021binut de Viorica D\u0103ncil\u0103, urmat\u0103 de<!--more--> Klaus Iohannis.<\/strong><\/p>\n<p style=\"text-align: justify;\"><a href=\"https:\/\/www.giurgiuveanul.ro\/stiri\/wp-content\/uploads\/2019\/11\/Alegeri-prezidentiale001.jpg\"><img loading=\"lazy\" decoding=\"async\" class=\"aligncenter size-large wp-image-64217\" src=\"https:\/\/www.giurgiuveanul.ro\/stiri\/wp-content\/uploads\/2019\/11\/Alegeri-prezidentiale001-560x426.jpg\" alt=\"Alegeri-prezidentiale001\" width=\"560\" height=\"426\" srcset=\"https:\/\/www.giurgiuveanul.ro\/stiri\/wp-content\/uploads\/2019\/11\/Alegeri-prezidentiale001-560x426.jpg 560w, https:\/\/www.giurgiuveanul.ro\/stiri\/wp-content\/uploads\/2019\/11\/Alegeri-prezidentiale001-250x190.jpg 250w, https:\/\/www.giurgiuveanul.ro\/stiri\/wp-content\/uploads\/2019\/11\/Alegeri-prezidentiale001-400x304.jpg 400w, https:\/\/www.giurgiuveanul.ro\/stiri\/wp-content\/uploads\/2019\/11\/Alegeri-prezidentiale001.jpg 728w\" sizes=\"auto, (max-width: 560px) 100vw, 560px\" \/><\/a><\/p>\n<p style=\"text-align: justify;\">A\u015fadar, \u00een\u00a0cele 245 de sec\u0163ii din jude\u021bul Giurgiu, pe primul loc se situeaz\u0103 candidatul PSD, <strong>Viorica D\u0103ncil\u0103, cu 42,85%<\/strong>, urmat\u0103 de candidatul PNL, <strong>Klaus Iohannis \u2013 30,50%<\/strong> \u015fi independentul <strong>Mircea Diaconu \u2013 9,89%<\/strong>, a declarat purt\u0103torul de cuv\u00e2nt al BEJ Giurgiu, Cristina Dragomir. Pe urm\u0103toarele locuri se situeaz\u0103 <strong>Dan Barna (USR-PLUS), cu 7,65<\/strong> % \u0219i <strong>Theodor Paleologu (PMP) -3,06%.<\/strong><\/p>\n<p style=\"text-align: justify;\">\u00cen ceea ce prive\u015fte prezen\u0163a la vot, din cei<strong> 222.313 de cet\u0103\u0163eni<\/strong> \u00eenscri\u015fi pe listele electorale permanente, <strong>au votat 93.706 persoan<\/strong>e, din care <strong>20.395 au votat pe liste suplimentare<\/strong> \u0219i <strong>1.531 \u00een urna mobil\u0103<\/strong>.<\/p>\n","protected":false},"excerpt":{"rendered":"<p>Dup\u0103 centralizarea datelor din 100% dintre sec\u021biile de vot din jude\u0163ul Giurgiu, rezultatele arat\u0103 c\u0103 cel mai mare num\u0103r de voturi a fost ob\u021binut de Viorica D\u0103ncil\u0103, urmat\u0103 de<\/p>\n","protected":false},"author":1,"featured_media":0,"comment_status":"open","ping_status":"open","sticky":false,"template":"","format":"standard","meta":{"footnotes":""},"categories":[6],"tags":[],"class_list":["post-64214","post","type-post","status-publish","format-standard","hentry","category-breaking-news"],"_links":{"self":[{"href":"https:\/\/www.giurgiuveanul.ro\/stiri\/wp-json\/wp\/v2\/posts\/64214","targetHints":{"allow":["GET"]}}],"collection":[{"href":"https:\/\/www.giurgiuveanul.ro\/stiri\/wp-json\/wp\/v2\/posts"}],"about":[{"href":"https:\/\/www.giurgiuveanul.ro\/stiri\/wp-json\/wp\/v2\/types\/post"}],"author":[{"embeddable":true,"href":"https:\/\/www.giurgiuveanul.ro\/stiri\/wp-json\/wp\/v2\/users\/1"}],"replies":[{"embeddable":true,"href":"https:\/\/www.giurgiuveanul.ro\/stiri\/wp-json\/wp\/v2\/comments?post=64214"}],"version-history":[{"count":0,"href":"https:\/\/www.giurgiuveanul.ro\/stiri\/wp-json\/wp\/v2\/posts\/64214\/revisions"}],"wp:attachment":[{"href":"https:\/\/www.giurgiuveanul.ro\/stiri\/wp-json\/wp\/v2\/media?parent=64214"}],"wp:term":[{"taxonomy":"category","embeddable":true,"href":"https:\/\/www.giurgiuveanul.ro\/stiri\/wp-json\/wp\/v2\/categories?post=64214"},{"taxonomy":"post_tag","embeddable":true,"href":"https:\/\/www.giurgiuveanul.ro\/stiri\/wp-json\/wp\/v2\/tags?post=64214"}],"curies":[{"name":"wp","href":"https:\/\/api.w.org\/{rel}","templated":true}]}}