{"id":64243,"date":"2019-11-12T09:01:26","date_gmt":"2019-11-12T07:01:26","guid":{"rendered":"https:\/\/www.giurgiuveanul.ro\/stiri\/?p=64243"},"modified":"2019-11-12T10:43:40","modified_gmt":"2019-11-12T08:43:40","slug":"acum-barbat-gasit-mort-intr-o-barca","status":"publish","type":"post","link":"https:\/\/www.giurgiuveanul.ro\/stiri\/acum-barbat-gasit-mort-intr-o-barca\/","title":{"rendered":"ACUM. B\u0103rbat g\u0103sit mort \u00eentr-o barc\u0103!"},"content":{"rendered":"<p style=\"text-align: justify;\"><strong><a href=\"https:\/\/www.giurgiuveanul.ro\/stiri\/wp-content\/uploads\/2019\/11\/MCZoPTQ0MCZoYXNoPWNiOGE4MjMzZWExMjAyODgxYTMxNTNmMWIyMmJhMTcz.thumb_.jpg\"><img loading=\"lazy\" decoding=\"async\" class=\"aligncenter size-large wp-image-64244\" src=\"https:\/\/www.giurgiuveanul.ro\/stiri\/wp-content\/uploads\/2019\/11\/MCZoPTQ0MCZoYXNoPWNiOGE4MjMzZWExMjAyODgxYTMxNTNmMWIyMmJhMTcz.thumb_-560x316.jpg\" alt=\"MCZoPTQ0MCZoYXNoPWNiOGE4MjMzZWExMjAyODgxYTMxNTNmMWIyMmJhMTcz.thumb\" width=\"560\" height=\"316\" srcset=\"https:\/\/www.giurgiuveanul.ro\/stiri\/wp-content\/uploads\/2019\/11\/MCZoPTQ0MCZoYXNoPWNiOGE4MjMzZWExMjAyODgxYTMxNTNmMWIyMmJhMTcz.thumb_-560x316.jpg 560w, https:\/\/www.giurgiuveanul.ro\/stiri\/wp-content\/uploads\/2019\/11\/MCZoPTQ0MCZoYXNoPWNiOGE4MjMzZWExMjAyODgxYTMxNTNmMWIyMmJhMTcz.thumb_-250x141.jpg 250w, https:\/\/www.giurgiuveanul.ro\/stiri\/wp-content\/uploads\/2019\/11\/MCZoPTQ0MCZoYXNoPWNiOGE4MjMzZWExMjAyODgxYTMxNTNmMWIyMmJhMTcz.thumb_-400x226.jpg 400w, https:\/\/www.giurgiuveanul.ro\/stiri\/wp-content\/uploads\/2019\/11\/MCZoPTQ0MCZoYXNoPWNiOGE4MjMzZWExMjAyODgxYTMxNTNmMWIyMmJhMTcz.thumb_.jpg 780w\" sizes=\"auto, (max-width: 560px) 100vw, 560px\" \/><\/a>Un b\u0103rbat<!--more--> a fost g\u0103sit mort, \u00een aceast\u0103 diminea\u0163\u0103, pe Dun\u0103re, la km 478, \u00eentr-o barc\u0103, la Comasca.<\/strong><\/p>\n<p style=\"text-align: justify;\">Anchetatorii au demarat cercet\u0103rile pentru a afla \u00eemprejur\u0103rile \u00een care a murit b\u0103rbatul.<\/p>\n<p style=\"text-align: justify;\">La acest moment, criminali\u015ftii al\u0103turi de poli\u0163i\u015fti de la Transporturi desf\u0103\u0219oar\u0103 cercet\u0103ri la fa\u021ba locului.<\/p>\n","protected":false},"excerpt":{"rendered":"<p>Un b\u0103rbat<\/p>\n","protected":false},"author":1,"featured_media":0,"comment_status":"open","ping_status":"open","sticky":false,"template":"","format":"standard","meta":{"footnotes":""},"categories":[6],"tags":[],"class_list":["post-64243","post","type-post","status-publish","format-standard","hentry","category-breaking-news"],"_links":{"self":[{"href":"https:\/\/www.giurgiuveanul.ro\/stiri\/wp-json\/wp\/v2\/posts\/64243","targetHints":{"allow":["GET"]}}],"collection":[{"href":"https:\/\/www.giurgiuveanul.ro\/stiri\/wp-json\/wp\/v2\/posts"}],"about":[{"href":"https:\/\/www.giurgiuveanul.ro\/stiri\/wp-json\/wp\/v2\/types\/post"}],"author":[{"embeddable":true,"href":"https:\/\/www.giurgiuveanul.ro\/stiri\/wp-json\/wp\/v2\/users\/1"}],"replies":[{"embeddable":true,"href":"https:\/\/www.giurgiuveanul.ro\/stiri\/wp-json\/wp\/v2\/comments?post=64243"}],"version-history":[{"count":0,"href":"https:\/\/www.giurgiuveanul.ro\/stiri\/wp-json\/wp\/v2\/posts\/64243\/revisions"}],"wp:attachment":[{"href":"https:\/\/www.giurgiuveanul.ro\/stiri\/wp-json\/wp\/v2\/media?parent=64243"}],"wp:term":[{"taxonomy":"category","embeddable":true,"href":"https:\/\/www.giurgiuveanul.ro\/stiri\/wp-json\/wp\/v2\/categories?post=64243"},{"taxonomy":"post_tag","embeddable":true,"href":"https:\/\/www.giurgiuveanul.ro\/stiri\/wp-json\/wp\/v2\/tags?post=64243"}],"curies":[{"name":"wp","href":"https:\/\/api.w.org\/{rel}","templated":true}]}}