{"id":64247,"date":"2019-11-12T09:25:45","date_gmt":"2019-11-12T07:25:45","guid":{"rendered":"https:\/\/www.giurgiuveanul.ro\/stiri\/?p=64247"},"modified":"2019-11-12T09:25:45","modified_gmt":"2019-11-12T07:25:45","slug":"accident-rutier-soldat-cu-victima-foto-4","status":"publish","type":"post","link":"https:\/\/www.giurgiuveanul.ro\/stiri\/accident-rutier-soldat-cu-victima-foto-4\/","title":{"rendered":"ACCIDENT RUTIER soldat cu o victim\u0103! (FOTO)"},"content":{"rendered":"<p style=\"text-align: justify;\"><a href=\"https:\/\/www.giurgiuveanul.ro\/stiri\/wp-content\/uploads\/2019\/11\/75429658_720575188442534_5043223965594550272_n.jpg\"><img loading=\"lazy\" decoding=\"async\" class=\"aligncenter size-large wp-image-64248\" src=\"https:\/\/www.giurgiuveanul.ro\/stiri\/wp-content\/uploads\/2019\/11\/75429658_720575188442534_5043223965594550272_n-560x420.jpg\" alt=\"75429658_720575188442534_5043223965594550272_n\" width=\"560\" height=\"420\" srcset=\"https:\/\/www.giurgiuveanul.ro\/stiri\/wp-content\/uploads\/2019\/11\/75429658_720575188442534_5043223965594550272_n-560x420.jpg 560w, https:\/\/www.giurgiuveanul.ro\/stiri\/wp-content\/uploads\/2019\/11\/75429658_720575188442534_5043223965594550272_n-250x188.jpg 250w, https:\/\/www.giurgiuveanul.ro\/stiri\/wp-content\/uploads\/2019\/11\/75429658_720575188442534_5043223965594550272_n-400x300.jpg 400w, https:\/\/www.giurgiuveanul.ro\/stiri\/wp-content\/uploads\/2019\/11\/75429658_720575188442534_5043223965594550272_n.jpg 1600w\" sizes=\"auto, (max-width: 560px) 100vw, 560px\" \/><\/a>Potrivit ISU Giurgiu,<!--more--> azi noapte, \u00een jurul orelor 2.30, pompierii militari au fost solicita\u0163i pentru a interveni la un accident rutier produs pe A1 Bucuresti &#8211; Pite\u0219ti, km 36, sens de mers c\u0103tre Bucure\u0219ti, produs \u00eentre un TIR incarcat cu haine si un autocamion (care transporta cereale).<\/p>\n<p style=\"text-align: justify;\">La fa\u021ba locului s-au deplasat 2 ASASD si o ambulan\u021b\u0103 SMURD din cadrul Deta\u0219amentului de pompieri Bolintin Deal, iar dup\u0103 sosirea echipajelor s-a constatat ca soferul TIR-ului, care a acrosat la partea din spate autocamionul \u00eenc\u0103rcat cu cereale, era \u00eencarcerat.<\/p>\n<p style=\"text-align: justify;\">S-a ac\u021bionat la extragerea\u00a0 acestuia, care ulterior a fost preluat de c\u0103tre echipajul SMURD, con\u0219tient si comunicativ, cu leziuni la nivelul membrului inferior drept.<\/p>\n<p style=\"text-align: justify;\">Traficul a fost blocat pe A1 sensul de mers c\u0103tre Bucuresti pentru aproximativ dou\u0103 ore, fiind reluat \u00een jurul orelor 4.30, mai arat\u0103 ISU Giurgiu.<\/p>\n","protected":false},"excerpt":{"rendered":"<p>Potrivit ISU Giurgiu,<\/p>\n","protected":false},"author":1,"featured_media":0,"comment_status":"open","ping_status":"open","sticky":false,"template":"","format":"standard","meta":{"footnotes":""},"categories":[6],"tags":[],"class_list":["post-64247","post","type-post","status-publish","format-standard","hentry","category-breaking-news"],"_links":{"self":[{"href":"https:\/\/www.giurgiuveanul.ro\/stiri\/wp-json\/wp\/v2\/posts\/64247","targetHints":{"allow":["GET"]}}],"collection":[{"href":"https:\/\/www.giurgiuveanul.ro\/stiri\/wp-json\/wp\/v2\/posts"}],"about":[{"href":"https:\/\/www.giurgiuveanul.ro\/stiri\/wp-json\/wp\/v2\/types\/post"}],"author":[{"embeddable":true,"href":"https:\/\/www.giurgiuveanul.ro\/stiri\/wp-json\/wp\/v2\/users\/1"}],"replies":[{"embeddable":true,"href":"https:\/\/www.giurgiuveanul.ro\/stiri\/wp-json\/wp\/v2\/comments?post=64247"}],"version-history":[{"count":0,"href":"https:\/\/www.giurgiuveanul.ro\/stiri\/wp-json\/wp\/v2\/posts\/64247\/revisions"}],"wp:attachment":[{"href":"https:\/\/www.giurgiuveanul.ro\/stiri\/wp-json\/wp\/v2\/media?parent=64247"}],"wp:term":[{"taxonomy":"category","embeddable":true,"href":"https:\/\/www.giurgiuveanul.ro\/stiri\/wp-json\/wp\/v2\/categories?post=64247"},{"taxonomy":"post_tag","embeddable":true,"href":"https:\/\/www.giurgiuveanul.ro\/stiri\/wp-json\/wp\/v2\/tags?post=64247"}],"curies":[{"name":"wp","href":"https:\/\/api.w.org\/{rel}","templated":true}]}}