{"id":64254,"date":"2019-11-12T10:58:21","date_gmt":"2019-11-12T08:58:21","guid":{"rendered":"https:\/\/www.giurgiuveanul.ro\/stiri\/?p=64254"},"modified":"2019-11-12T11:16:18","modified_gmt":"2019-11-12T09:16:18","slug":"prima-ipoteza-in-cazul-barbatului-gasit-mort-intr-o-ambarcatiune","status":"publish","type":"post","link":"https:\/\/www.giurgiuveanul.ro\/stiri\/prima-ipoteza-in-cazul-barbatului-gasit-mort-intr-o-ambarcatiune\/","title":{"rendered":"Ipotez\u0103 \u00een cazul b\u0103rbatului g\u0103sit mort \u00eentr-o ambarca\u0163iune!"},"content":{"rendered":"<p style=\"text-align: justify;\"><strong><a href=\"https:\/\/www.giurgiuveanul.ro\/stiri\/wp-content\/uploads\/2019\/11\/expertii-criminalisti-protest-dupa-ce-s-au-trezit-cu-salariile-taiate-justitia-la-un-pas-de-a-fi-blocata-269813.jpg\"><img loading=\"lazy\" decoding=\"async\" class=\"aligncenter size-large wp-image-64255\" src=\"https:\/\/www.giurgiuveanul.ro\/stiri\/wp-content\/uploads\/2019\/11\/expertii-criminalisti-protest-dupa-ce-s-au-trezit-cu-salariile-taiate-justitia-la-un-pas-de-a-fi-blocata-269813-560x315.jpg\" alt=\"expertii-criminalisti-protest-dupa-ce-s-au-trezit-cu-salariile-taiate-justitia-la-un-pas-de-a-fi-blocata-269813\" width=\"560\" height=\"315\" srcset=\"https:\/\/www.giurgiuveanul.ro\/stiri\/wp-content\/uploads\/2019\/11\/expertii-criminalisti-protest-dupa-ce-s-au-trezit-cu-salariile-taiate-justitia-la-un-pas-de-a-fi-blocata-269813-560x315.jpg 560w, https:\/\/www.giurgiuveanul.ro\/stiri\/wp-content\/uploads\/2019\/11\/expertii-criminalisti-protest-dupa-ce-s-au-trezit-cu-salariile-taiate-justitia-la-un-pas-de-a-fi-blocata-269813-250x141.jpg 250w, https:\/\/www.giurgiuveanul.ro\/stiri\/wp-content\/uploads\/2019\/11\/expertii-criminalisti-protest-dupa-ce-s-au-trezit-cu-salariile-taiate-justitia-la-un-pas-de-a-fi-blocata-269813-400x225.jpg 400w, https:\/\/www.giurgiuveanul.ro\/stiri\/wp-content\/uploads\/2019\/11\/expertii-criminalisti-protest-dupa-ce-s-au-trezit-cu-salariile-taiate-justitia-la-un-pas-de-a-fi-blocata-269813.jpg 800w\" sizes=\"auto, (max-width: 560px) 100vw, 560px\" \/><\/a>A\u015fa dup\u0103 cum v-am mai informat, \u00een aceast\u0103 diminea\u0163\u0103,<!--more--> a fost descoperit, \u00eentr-o ambarca\u0163iune, zona localit\u0103\u0163ii Comasca, pe Dun\u0103re, la km 478, cadavrul unui b\u0103rbat.<\/strong><\/p>\n<p style=\"text-align: justify;\">Potrivit IPJ, apelul pe 112 a venit din partea unui pescar.<\/p>\n<p style=\"text-align: justify;\">La sosire, poli\u0163i\u015ftii au sim\u0163it un miros foarte puternic de gaze de la o butelie aflat\u0103\u00a0\u00een cabina ambarca\u0163iunii, acesta duc\u00e2nd, foarte probabil, la decesul b\u0103rbatului.<\/p>\n<p style=\"text-align: justify;\">Potrivit anchetatorilor, cadavrul este al unui b\u0103rbat, de 70 de ani, din Giurgiu, \u015fi nu prezenta urme de violen\u021b\u0103.<\/p>\n<p>&nbsp;<\/p>\n","protected":false},"excerpt":{"rendered":"<p>A\u015fa dup\u0103 cum v-am mai informat, \u00een aceast\u0103 diminea\u0163\u0103,<\/p>\n","protected":false},"author":1,"featured_media":0,"comment_status":"open","ping_status":"open","sticky":false,"template":"","format":"standard","meta":{"footnotes":""},"categories":[6],"tags":[],"class_list":["post-64254","post","type-post","status-publish","format-standard","hentry","category-breaking-news"],"_links":{"self":[{"href":"https:\/\/www.giurgiuveanul.ro\/stiri\/wp-json\/wp\/v2\/posts\/64254","targetHints":{"allow":["GET"]}}],"collection":[{"href":"https:\/\/www.giurgiuveanul.ro\/stiri\/wp-json\/wp\/v2\/posts"}],"about":[{"href":"https:\/\/www.giurgiuveanul.ro\/stiri\/wp-json\/wp\/v2\/types\/post"}],"author":[{"embeddable":true,"href":"https:\/\/www.giurgiuveanul.ro\/stiri\/wp-json\/wp\/v2\/users\/1"}],"replies":[{"embeddable":true,"href":"https:\/\/www.giurgiuveanul.ro\/stiri\/wp-json\/wp\/v2\/comments?post=64254"}],"version-history":[{"count":0,"href":"https:\/\/www.giurgiuveanul.ro\/stiri\/wp-json\/wp\/v2\/posts\/64254\/revisions"}],"wp:attachment":[{"href":"https:\/\/www.giurgiuveanul.ro\/stiri\/wp-json\/wp\/v2\/media?parent=64254"}],"wp:term":[{"taxonomy":"category","embeddable":true,"href":"https:\/\/www.giurgiuveanul.ro\/stiri\/wp-json\/wp\/v2\/categories?post=64254"},{"taxonomy":"post_tag","embeddable":true,"href":"https:\/\/www.giurgiuveanul.ro\/stiri\/wp-json\/wp\/v2\/tags?post=64254"}],"curies":[{"name":"wp","href":"https:\/\/api.w.org\/{rel}","templated":true}]}}