{"id":64300,"date":"2019-11-13T20:12:36","date_gmt":"2019-11-13T18:12:36","guid":{"rendered":"https:\/\/www.giurgiuveanul.ro\/stiri\/?p=64300"},"modified":"2019-11-14T09:17:46","modified_gmt":"2019-11-14T07:17:46","slug":"alteta-sa-regala-principele-nicolae-al-romaniei-vine-la-giurgiu","status":"publish","type":"post","link":"https:\/\/www.giurgiuveanul.ro\/stiri\/alteta-sa-regala-principele-nicolae-al-romaniei-vine-la-giurgiu\/","title":{"rendered":"Alte\u0163a Sa Regal\u0103 Principele Nicolae al Rom\u00e2niei&#8230;. vine la Giurgiu!"},"content":{"rendered":"<p style=\"text-align: justify;\"><strong><a href=\"https:\/\/www.giurgiuveanul.ro\/stiri\/wp-content\/uploads\/2019\/11\/thumbnail.jpg\"><img loading=\"lazy\" decoding=\"async\" class=\"aligncenter size-large wp-image-64301\" src=\"https:\/\/www.giurgiuveanul.ro\/stiri\/wp-content\/uploads\/2019\/11\/thumbnail-300x450.jpg\" alt=\"thumbnail\" width=\"300\" height=\"450\" srcset=\"https:\/\/www.giurgiuveanul.ro\/stiri\/wp-content\/uploads\/2019\/11\/thumbnail-300x450.jpg 300w, https:\/\/www.giurgiuveanul.ro\/stiri\/wp-content\/uploads\/2019\/11\/thumbnail-200x300.jpg 200w, https:\/\/www.giurgiuveanul.ro\/stiri\/wp-content\/uploads\/2019\/11\/thumbnail-400x600.jpg 400w, https:\/\/www.giurgiuveanul.ro\/stiri\/wp-content\/uploads\/2019\/11\/thumbnail.jpg 1080w\" sizes=\"auto, (max-width: 300px) 100vw, 300px\" \/><\/a>Asocia\u021bia &#8222;Principele Nicolae&#8221;<!--more--> are marea bucurie de a v\u0103 invita s\u0103 participa\u021bi la prima ac\u021biune de \u00eemp\u0103durire parte din proiectul \u201cCodrii de m\u00e2ine\u201d.<\/strong><\/p>\n<p style=\"text-align: justify;\">Aceast\u0103 ac\u021biune se \u00eenscrie \u00een proiectul \u201eCodrii de M\u00e2ine\u201d, demarat de asocia\u021bia noastr\u0103, prin care ne propunem plantarea unui milion de arbori, p\u00e2n\u0103 la \u00eenceputul anului 2023, \u00een zonele cele mai afectate de inunda\u021bii din Rom\u00e2nia.<\/p>\n<p style=\"text-align: justify;\">La eveniment va participa \u015fi Alte\u0163a Sa Regal\u0103 Principele Nicolae al Rom\u00e2niei.<\/p>\n<p style=\"text-align: justify;\">Sunt a\u015ftepta\u0163i voluntari de toate v\u00e2rstele <strong>s\u00e2mb\u0103t\u0103, 16 noiembrie a.c.,<\/strong> <strong>\u00een comuna Ghimpa\u0163i<\/strong> &#8211; jude\u0163ul Giurgiu.<\/p>\n<p style=\"text-align: justify;\">\n","protected":false},"excerpt":{"rendered":"<p>Asocia\u021bia &#8222;Principele Nicolae&#8221;<\/p>\n","protected":false},"author":1,"featured_media":0,"comment_status":"open","ping_status":"open","sticky":false,"template":"","format":"standard","meta":{"footnotes":""},"categories":[6],"tags":[],"class_list":["post-64300","post","type-post","status-publish","format-standard","hentry","category-breaking-news"],"_links":{"self":[{"href":"https:\/\/www.giurgiuveanul.ro\/stiri\/wp-json\/wp\/v2\/posts\/64300","targetHints":{"allow":["GET"]}}],"collection":[{"href":"https:\/\/www.giurgiuveanul.ro\/stiri\/wp-json\/wp\/v2\/posts"}],"about":[{"href":"https:\/\/www.giurgiuveanul.ro\/stiri\/wp-json\/wp\/v2\/types\/post"}],"author":[{"embeddable":true,"href":"https:\/\/www.giurgiuveanul.ro\/stiri\/wp-json\/wp\/v2\/users\/1"}],"replies":[{"embeddable":true,"href":"https:\/\/www.giurgiuveanul.ro\/stiri\/wp-json\/wp\/v2\/comments?post=64300"}],"version-history":[{"count":0,"href":"https:\/\/www.giurgiuveanul.ro\/stiri\/wp-json\/wp\/v2\/posts\/64300\/revisions"}],"wp:attachment":[{"href":"https:\/\/www.giurgiuveanul.ro\/stiri\/wp-json\/wp\/v2\/media?parent=64300"}],"wp:term":[{"taxonomy":"category","embeddable":true,"href":"https:\/\/www.giurgiuveanul.ro\/stiri\/wp-json\/wp\/v2\/categories?post=64300"},{"taxonomy":"post_tag","embeddable":true,"href":"https:\/\/www.giurgiuveanul.ro\/stiri\/wp-json\/wp\/v2\/tags?post=64300"}],"curies":[{"name":"wp","href":"https:\/\/api.w.org\/{rel}","templated":true}]}}