{"id":64310,"date":"2019-11-14T10:25:11","date_gmt":"2019-11-14T08:25:11","guid":{"rendered":"https:\/\/www.giurgiuveanul.ro\/stiri\/?p=64310"},"modified":"2019-11-14T10:25:11","modified_gmt":"2019-11-14T08:25:11","slug":"la-ce-pret-ajuns-metrul-cub-de-lemn-in-judetul-giurgiu","status":"publish","type":"post","link":"https:\/\/www.giurgiuveanul.ro\/stiri\/la-ce-pret-ajuns-metrul-cub-de-lemn-in-judetul-giurgiu\/","title":{"rendered":"La ce pre\u0163 a ajuns metrul cub de lemn \u00een jude\u0163ul Giurgiu?"},"content":{"rendered":"<p style=\"text-align: justify;\"><strong><a href=\"https:\/\/www.giurgiuveanul.ro\/stiri\/wp-content\/uploads\/2019\/11\/pretlemn-quickshop.jpg\"><img loading=\"lazy\" decoding=\"async\" class=\"aligncenter size-large wp-image-64311\" src=\"https:\/\/www.giurgiuveanul.ro\/stiri\/wp-content\/uploads\/2019\/11\/pretlemn-quickshop-560x361.jpg\" alt=\"pretlemn-quickshop\" width=\"560\" height=\"361\" srcset=\"https:\/\/www.giurgiuveanul.ro\/stiri\/wp-content\/uploads\/2019\/11\/pretlemn-quickshop-560x361.jpg 560w, https:\/\/www.giurgiuveanul.ro\/stiri\/wp-content\/uploads\/2019\/11\/pretlemn-quickshop-250x161.jpg 250w, https:\/\/www.giurgiuveanul.ro\/stiri\/wp-content\/uploads\/2019\/11\/pretlemn-quickshop-400x258.jpg 400w, https:\/\/www.giurgiuveanul.ro\/stiri\/wp-content\/uploads\/2019\/11\/pretlemn-quickshop.jpg 1000w\" sizes=\"auto, (max-width: 560px) 100vw, 560px\" \/><\/a>Odat\u0103 cu apropierea frigului, una dintre<!--more--> preocuparile pe care o au foarte multi oameni din mediul rural este cea legata de procurarea de lemn pentru incalzirea pe timpul iernii. Si in judetul Giurgiu se poate observa ca pe multe site-uri de anunturi se gasesc persoane fizice sau juridice care comercializeaza lemne de foc. In acest sens, <a href=\"https:\/\/www.quickshop.ro\/centrale-termice-accesorii-c1-p1\">Quickshop.ro<\/a> a realizat o cercetare de piata cu privire la pretul in judetul Giurgiu a metrului cub de lemn si a ajuns la niste concluzii foarte interesante pe care va invitam sa le cititi in continuare.<\/strong><\/p>\n<p style=\"text-align: justify;\">La nivelul judetului Giurgiu, pretul lemnelor de foc poate varia intre 300 si 350 de lei.<\/p>\n<p style=\"text-align: justify;\">Fondul forestier na\u0163ional ocupa, la sf\u00e2r\u015fitul anului 2018, o suprafa\u0163\u0103 de 6583065 hectare, care reprezenta 27,6 % din suprafa\u0163a \u0163\u0103rii. Suprafa\u0163a fondului forestier la 31 decembrie 2018, comparativ cu aceea\u015fi dat\u0103 a anului 2017, a \u00eenregistrat o cre\u015ftere de aproximativ 0,3%, datorat\u0103 \u00een principal unor reamenaj\u0103ri de p\u0103\u015funi \u00eemp\u0103durite \u015fi introducerii \u00een fondul forestier a terenurilor degradate, conform Legii nr. 46\/2008 \u2013 Codul silvic cu modific\u0103rile \u015fi complet\u0103rile ulterioare. In judetul Giurgiu, suprafata fondului forestier la sfarsitul anului 2018 era de 38846 hectare.<\/p>\n<p style=\"text-align: justify;\">\u00cen anul 2018, s-au recoltat 19462 mii metri cubi (volum brut) de lemn la nivel national, cu\u00a0\u00a0 mii metri cubi mai mult fa\u0163\u0103 de anul 2017. Pe specii forestiere, r\u0103\u015finoasele reprezint\u0103 36,6% din volumul total de mas\u0103 lemnoas\u0103 recoltat\u0103, fagul 33,8%, stejarul 10,5%, diverse specii tari (salc\u00e2m, paltin, frasin, nuc etc.) 11,3%, \u015fi diverse specii moi (tei, salcie, plop etc.) 7,8%.<\/p>\n<p style=\"text-align: justify;\">La nivelul judetului Giurgiu, situatia speciilor este urmatoarea: Numarul hectarelor de rasinoase era de 189 hectare, in timp ce, cel al foioaselor era de 36588 hectare.<\/p>\n<p style=\"text-align: justify;\">Cercetarea referitoare la pretul metrului cub poate fi strans legata de vanzarile de centrale termice, unde la nivel national se observa o crestere a numarului total de centrale termice vandute cu peste 200.000 de bucati fata de anul trecut. Din totalul de 200.000 de centrale vandute, peste 50% din vanzari se datoreaza inlocuirilor. Inlocuirea centralelor poate avea cauze multiple, printre acestea principale fiind: vechimea centralei, dorinta proprietarilor de a avea un control mult mai bun asupra cheltuielilor aferente incalzirii sau mai nou conectivitatea inteligenta.<\/p>\n<p style=\"text-align: justify;\"><em>&#8222;<\/em><em>Fiind unul dintre cei mai mari retaileri nationali de centrale termice, termostate, calorifere, panouri solare, sisteme de incalzire in pardoseala, aer conditionat, pompe de caldura, sanitare, etc. putem observa si analiza unele trend-uri si evolutii ale vanzarilor in diferite judete. Astfel, am observat ca la nivelul judetului Giurgiu cresterea vanzarilor de centrale termice pe site-ul <\/em><a href=\"http:\/\/www.quickshop.ro\/\"><em>www.quickshop.ro<\/em><\/a><em> este de 25,8% fata de perioada similara a anului trecut\u201d<\/em> au declarat reprezentantii Quickshop.<\/p>\n<p>&nbsp;<\/p>\n","protected":false},"excerpt":{"rendered":"<p>Odat\u0103 cu apropierea frigului, una dintre<\/p>\n","protected":false},"author":1,"featured_media":0,"comment_status":"open","ping_status":"open","sticky":false,"template":"","format":"standard","meta":{"footnotes":""},"categories":[6],"tags":[],"class_list":["post-64310","post","type-post","status-publish","format-standard","hentry","category-breaking-news"],"_links":{"self":[{"href":"https:\/\/www.giurgiuveanul.ro\/stiri\/wp-json\/wp\/v2\/posts\/64310","targetHints":{"allow":["GET"]}}],"collection":[{"href":"https:\/\/www.giurgiuveanul.ro\/stiri\/wp-json\/wp\/v2\/posts"}],"about":[{"href":"https:\/\/www.giurgiuveanul.ro\/stiri\/wp-json\/wp\/v2\/types\/post"}],"author":[{"embeddable":true,"href":"https:\/\/www.giurgiuveanul.ro\/stiri\/wp-json\/wp\/v2\/users\/1"}],"replies":[{"embeddable":true,"href":"https:\/\/www.giurgiuveanul.ro\/stiri\/wp-json\/wp\/v2\/comments?post=64310"}],"version-history":[{"count":0,"href":"https:\/\/www.giurgiuveanul.ro\/stiri\/wp-json\/wp\/v2\/posts\/64310\/revisions"}],"wp:attachment":[{"href":"https:\/\/www.giurgiuveanul.ro\/stiri\/wp-json\/wp\/v2\/media?parent=64310"}],"wp:term":[{"taxonomy":"category","embeddable":true,"href":"https:\/\/www.giurgiuveanul.ro\/stiri\/wp-json\/wp\/v2\/categories?post=64310"},{"taxonomy":"post_tag","embeddable":true,"href":"https:\/\/www.giurgiuveanul.ro\/stiri\/wp-json\/wp\/v2\/tags?post=64310"}],"curies":[{"name":"wp","href":"https:\/\/api.w.org\/{rel}","templated":true}]}}