{"id":64320,"date":"2019-11-14T18:25:53","date_gmt":"2019-11-14T16:25:53","guid":{"rendered":"https:\/\/www.giurgiuveanul.ro\/stiri\/?p=64320"},"modified":"2019-11-14T18:26:18","modified_gmt":"2019-11-14T16:26:18","slug":"ce-mai-fura-giurgiuvencele-din-magazin","status":"publish","type":"post","link":"https:\/\/www.giurgiuveanul.ro\/stiri\/ce-mai-fura-giurgiuvencele-din-magazin\/","title":{"rendered":"Ce mai fur\u0103 giurgiuvencele&#8230; din magazin"},"content":{"rendered":"<p style=\"text-align: justify;\"><strong><a href=\"https:\/\/www.giurgiuveanul.ro\/stiri\/wp-content\/uploads\/2019\/11\/politista-536425.jpg\"><img loading=\"lazy\" decoding=\"async\" class=\"aligncenter size-large wp-image-64322\" src=\"https:\/\/www.giurgiuveanul.ro\/stiri\/wp-content\/uploads\/2019\/11\/politista-536425-560x386.jpg\" alt=\"politista-536425\" width=\"560\" height=\"386\" srcset=\"https:\/\/www.giurgiuveanul.ro\/stiri\/wp-content\/uploads\/2019\/11\/politista-536425-560x386.jpg 560w, https:\/\/www.giurgiuveanul.ro\/stiri\/wp-content\/uploads\/2019\/11\/politista-536425-250x172.jpg 250w, https:\/\/www.giurgiuveanul.ro\/stiri\/wp-content\/uploads\/2019\/11\/politista-536425-400x275.jpg 400w, https:\/\/www.giurgiuveanul.ro\/stiri\/wp-content\/uploads\/2019\/11\/politista-536425.jpg 620w\" sizes=\"auto, (max-width: 560px) 100vw, 560px\" \/><\/a>Poli\u021bi\u0219tii cerceteaz\u0103 dou\u0103 giurgiuvence,<!--more--> b\u0103nuite c\u0103 ar fi sustras mai multe bunuri din incinta unei societ\u0103\u021bi comerciale din municipiul Giurgiu.<\/strong><\/p>\n<p style=\"text-align: justify;\">Poli\u021bi\u0219tii din cadrul Inspectoratului de Poli\u021bie Jude\u021bean Giurgiu efectueaz\u0103 cercet\u0103ri fa\u021b\u0103 de dou\u0103 femei, de 28 \u0219i 39 de ani, ambele din municipiul Giurgiu, care au fost surprinse miercuri, 13 noiembrie a.c., \u00een timp ce sustr\u0103geau mai multe produse cosmetice din incinta magazinului unei societ\u0103\u021bi comerciale.<\/p>\n<p style=\"text-align: justify;\">Prejudiciul cauzat a fost recuperat \u00een totalitate \u0219i predat reprezentantului societ\u0103\u021bii comerciale.<\/p>\n<p style=\"text-align: justify;\">\u00cen cauz\u0103, poli\u021bi\u0219tii au \u00eentocmit un <em>dosar penal \u00een care continu\u0103 cercet\u0103rile sub aspectul s\u0103v\u00e2r\u0219irii infrac\u021biunii de furt<\/em>.<\/p>\n","protected":false},"excerpt":{"rendered":"<p>Poli\u021bi\u0219tii cerceteaz\u0103 dou\u0103 giurgiuvence,<\/p>\n","protected":false},"author":1,"featured_media":0,"comment_status":"open","ping_status":"open","sticky":false,"template":"","format":"standard","meta":{"footnotes":""},"categories":[6],"tags":[],"class_list":["post-64320","post","type-post","status-publish","format-standard","hentry","category-breaking-news"],"_links":{"self":[{"href":"https:\/\/www.giurgiuveanul.ro\/stiri\/wp-json\/wp\/v2\/posts\/64320","targetHints":{"allow":["GET"]}}],"collection":[{"href":"https:\/\/www.giurgiuveanul.ro\/stiri\/wp-json\/wp\/v2\/posts"}],"about":[{"href":"https:\/\/www.giurgiuveanul.ro\/stiri\/wp-json\/wp\/v2\/types\/post"}],"author":[{"embeddable":true,"href":"https:\/\/www.giurgiuveanul.ro\/stiri\/wp-json\/wp\/v2\/users\/1"}],"replies":[{"embeddable":true,"href":"https:\/\/www.giurgiuveanul.ro\/stiri\/wp-json\/wp\/v2\/comments?post=64320"}],"version-history":[{"count":0,"href":"https:\/\/www.giurgiuveanul.ro\/stiri\/wp-json\/wp\/v2\/posts\/64320\/revisions"}],"wp:attachment":[{"href":"https:\/\/www.giurgiuveanul.ro\/stiri\/wp-json\/wp\/v2\/media?parent=64320"}],"wp:term":[{"taxonomy":"category","embeddable":true,"href":"https:\/\/www.giurgiuveanul.ro\/stiri\/wp-json\/wp\/v2\/categories?post=64320"},{"taxonomy":"post_tag","embeddable":true,"href":"https:\/\/www.giurgiuveanul.ro\/stiri\/wp-json\/wp\/v2\/tags?post=64320"}],"curies":[{"name":"wp","href":"https:\/\/api.w.org\/{rel}","templated":true}]}}