{"id":64332,"date":"2019-11-15T08:55:15","date_gmt":"2019-11-15T06:55:15","guid":{"rendered":"https:\/\/www.giurgiuveanul.ro\/stiri\/?p=64332"},"modified":"2019-11-15T09:49:42","modified_gmt":"2019-11-15T07:49:42","slug":"accident-rutier-soldat-cu-victima-in-municipiul-giurgiu-foto","status":"publish","type":"post","link":"https:\/\/www.giurgiuveanul.ro\/stiri\/accident-rutier-soldat-cu-victima-in-municipiul-giurgiu-foto\/","title":{"rendered":"ACCIDENT RUTIER soldat cu o victim\u0103, \u00een municipiul Giurgiu (FOTO)"},"content":{"rendered":"<p style=\"text-align: justify;\"><a href=\"https:\/\/www.giurgiuveanul.ro\/stiri\/wp-content\/uploads\/2019\/11\/75402300_1228894630831859_3459301676790317056_n.jpg\"><img loading=\"lazy\" decoding=\"async\" class=\"aligncenter size-large wp-image-64333\" src=\"https:\/\/www.giurgiuveanul.ro\/stiri\/wp-content\/uploads\/2019\/11\/75402300_1228894630831859_3459301676790317056_n-560x272.jpg\" alt=\"75402300_1228894630831859_3459301676790317056_n\" width=\"560\" height=\"272\" srcset=\"https:\/\/www.giurgiuveanul.ro\/stiri\/wp-content\/uploads\/2019\/11\/75402300_1228894630831859_3459301676790317056_n-560x272.jpg 560w, https:\/\/www.giurgiuveanul.ro\/stiri\/wp-content\/uploads\/2019\/11\/75402300_1228894630831859_3459301676790317056_n-250x121.jpg 250w, https:\/\/www.giurgiuveanul.ro\/stiri\/wp-content\/uploads\/2019\/11\/75402300_1228894630831859_3459301676790317056_n-400x194.jpg 400w, https:\/\/www.giurgiuveanul.ro\/stiri\/wp-content\/uploads\/2019\/11\/75402300_1228894630831859_3459301676790317056_n.jpg 1600w\" sizes=\"auto, (max-width: 560px) 100vw, 560px\" \/><\/a>\u00cen aceast\u0103 diminea\u021b\u0103, la ora<!--more--> 7:03, ISU Giurgiu a fost solicitat s\u0103 interven\u0103 la un accident rutier produs \u00een municipiul Giurgiu, pe \u015foseaua Sloboziei, pe podul de la CET.<\/p>\n<p style=\"text-align: justify;\">Potrivit ISU, la fa\u0163a locului s-au deplasat o autospecial\u0103 de stingere cu apa \u0219i spum\u0103, o autospecial\u0103 de descarcerare\u00a0 si o ambulanta SMURD din cadrul\u00a0 Deta\u0219amentului de Pompieri Giurgiu.<\/p>\n<p style=\"text-align: justify;\">\u00cen accident a fost implicat un singur autoturism, in urma impactului \u0219oferul acestuia r\u0103m\u00e2n\u00e2nd \u00eencarcerat. Pompierii au ac\u021bionat pentru scoaterea b\u0103rbatului din autoturism \u0219i asigurarea m\u0103surilor PSI.<\/p>\n<p style=\"text-align: justify;\">B\u0103rbatul a fost preluat de c\u0103tre o ambulan\u021b\u0103 de la Serviciul Jude\u0163ean de Ambulan\u0163\u0103 Giurgiu, prezent\u0103 la fa\u021ba locului.<\/p>\n","protected":false},"excerpt":{"rendered":"<p>\u00cen aceast\u0103 diminea\u021b\u0103, la ora<\/p>\n","protected":false},"author":1,"featured_media":0,"comment_status":"open","ping_status":"open","sticky":false,"template":"","format":"standard","meta":{"footnotes":""},"categories":[6],"tags":[],"class_list":["post-64332","post","type-post","status-publish","format-standard","hentry","category-breaking-news"],"_links":{"self":[{"href":"https:\/\/www.giurgiuveanul.ro\/stiri\/wp-json\/wp\/v2\/posts\/64332","targetHints":{"allow":["GET"]}}],"collection":[{"href":"https:\/\/www.giurgiuveanul.ro\/stiri\/wp-json\/wp\/v2\/posts"}],"about":[{"href":"https:\/\/www.giurgiuveanul.ro\/stiri\/wp-json\/wp\/v2\/types\/post"}],"author":[{"embeddable":true,"href":"https:\/\/www.giurgiuveanul.ro\/stiri\/wp-json\/wp\/v2\/users\/1"}],"replies":[{"embeddable":true,"href":"https:\/\/www.giurgiuveanul.ro\/stiri\/wp-json\/wp\/v2\/comments?post=64332"}],"version-history":[{"count":0,"href":"https:\/\/www.giurgiuveanul.ro\/stiri\/wp-json\/wp\/v2\/posts\/64332\/revisions"}],"wp:attachment":[{"href":"https:\/\/www.giurgiuveanul.ro\/stiri\/wp-json\/wp\/v2\/media?parent=64332"}],"wp:term":[{"taxonomy":"category","embeddable":true,"href":"https:\/\/www.giurgiuveanul.ro\/stiri\/wp-json\/wp\/v2\/categories?post=64332"},{"taxonomy":"post_tag","embeddable":true,"href":"https:\/\/www.giurgiuveanul.ro\/stiri\/wp-json\/wp\/v2\/tags?post=64332"}],"curies":[{"name":"wp","href":"https:\/\/api.w.org\/{rel}","templated":true}]}}