{"id":64337,"date":"2019-11-15T17:29:45","date_gmt":"2019-11-15T15:29:45","guid":{"rendered":"https:\/\/www.giurgiuveanul.ro\/stiri\/?p=64337"},"modified":"2019-11-15T17:54:34","modified_gmt":"2019-11-15T15:54:34","slug":"fata-de-13-ani-accidentata-pe-trecerea-de-pietoni-de-barbat-de-68-de-ani-in-municipiul-giurgiu","status":"publish","type":"post","link":"https:\/\/www.giurgiuveanul.ro\/stiri\/fata-de-13-ani-accidentata-pe-trecerea-de-pietoni-de-barbat-de-68-de-ani-in-municipiul-giurgiu\/","title":{"rendered":"Fat\u0103 de 13 ani, accidentat\u0103 pe trecerea de pietoni de un b\u0103rbat de 68 de ani&#8230; \u00een municipiul Giurgiu!"},"content":{"rendered":"<p style=\"text-align: justify;\"><a href=\"https:\/\/www.giurgiuveanul.ro\/stiri\/wp-content\/uploads\/2019\/11\/IMG_9482.jpg\"><img loading=\"lazy\" decoding=\"async\" class=\"aligncenter size-large wp-image-64338\" src=\"https:\/\/www.giurgiuveanul.ro\/stiri\/wp-content\/uploads\/2019\/11\/IMG_9482-545x450.jpg\" alt=\"IMG_9482\" width=\"545\" height=\"450\" srcset=\"https:\/\/www.giurgiuveanul.ro\/stiri\/wp-content\/uploads\/2019\/11\/IMG_9482-545x450.jpg 545w, https:\/\/www.giurgiuveanul.ro\/stiri\/wp-content\/uploads\/2019\/11\/IMG_9482-250x206.jpg 250w, https:\/\/www.giurgiuveanul.ro\/stiri\/wp-content\/uploads\/2019\/11\/IMG_9482-400x330.jpg 400w, https:\/\/www.giurgiuveanul.ro\/stiri\/wp-content\/uploads\/2019\/11\/IMG_9482.jpg 800w\" sizes=\"auto, (max-width: 545px) 100vw, 545px\" \/><\/a>Un<!--more--> b\u0103rbat, de 68 de ani, din comuna Malu, \u00een timp ce conducea un autoturism pe strada 1 Decembrie 1918, av\u00e2nd direc\u021bia de deplasare Abator c\u0103tre Vam\u0103, la trecerea de pietoni de la intersec\u021bia cu Bulevardul Academician Miron Nicolescu, a accidentat o fat\u0103, de 13 ani, din municipiul Giurgiu.<\/p>\n<p style=\"text-align: justify;\">\u00cen urma accidentului a rezultat r\u0103nirea fetei, care a fost transportat\u0103 la spital pentru acordarea de \u00eengrijiri medicale.<\/p>\n<p style=\"text-align: justify;\">\u0218oferul nu se afla sub influen\u021ba alcoolului.<\/p>\n<p style=\"text-align: justify;\">Se efectueaz\u0103 cercet\u0103ri sub aspectul s\u0103v\u00e2r\u0219irii infrac\u021biunii de <em>v\u0103t\u0103mare corporal\u0103 din culp\u0103<\/em>.<\/p>\n","protected":false},"excerpt":{"rendered":"<p>Un<\/p>\n","protected":false},"author":1,"featured_media":0,"comment_status":"open","ping_status":"open","sticky":false,"template":"","format":"standard","meta":{"footnotes":""},"categories":[6],"tags":[],"class_list":["post-64337","post","type-post","status-publish","format-standard","hentry","category-breaking-news"],"_links":{"self":[{"href":"https:\/\/www.giurgiuveanul.ro\/stiri\/wp-json\/wp\/v2\/posts\/64337","targetHints":{"allow":["GET"]}}],"collection":[{"href":"https:\/\/www.giurgiuveanul.ro\/stiri\/wp-json\/wp\/v2\/posts"}],"about":[{"href":"https:\/\/www.giurgiuveanul.ro\/stiri\/wp-json\/wp\/v2\/types\/post"}],"author":[{"embeddable":true,"href":"https:\/\/www.giurgiuveanul.ro\/stiri\/wp-json\/wp\/v2\/users\/1"}],"replies":[{"embeddable":true,"href":"https:\/\/www.giurgiuveanul.ro\/stiri\/wp-json\/wp\/v2\/comments?post=64337"}],"version-history":[{"count":0,"href":"https:\/\/www.giurgiuveanul.ro\/stiri\/wp-json\/wp\/v2\/posts\/64337\/revisions"}],"wp:attachment":[{"href":"https:\/\/www.giurgiuveanul.ro\/stiri\/wp-json\/wp\/v2\/media?parent=64337"}],"wp:term":[{"taxonomy":"category","embeddable":true,"href":"https:\/\/www.giurgiuveanul.ro\/stiri\/wp-json\/wp\/v2\/categories?post=64337"},{"taxonomy":"post_tag","embeddable":true,"href":"https:\/\/www.giurgiuveanul.ro\/stiri\/wp-json\/wp\/v2\/tags?post=64337"}],"curies":[{"name":"wp","href":"https:\/\/api.w.org\/{rel}","templated":true}]}}