{"id":64364,"date":"2019-11-16T19:12:37","date_gmt":"2019-11-16T17:12:37","guid":{"rendered":"https:\/\/www.giurgiuveanul.ro\/stiri\/?p=64364"},"modified":"2019-11-16T20:24:40","modified_gmt":"2019-11-16T18:24:40","slug":"nu-te-lasa-pacalit-ia-atitudine-cumparaturi-in-cunostinta-de-cauza-de-black-friday","status":"publish","type":"post","link":"https:\/\/www.giurgiuveanul.ro\/stiri\/nu-te-lasa-pacalit-ia-atitudine-cumparaturi-in-cunostinta-de-cauza-de-black-friday\/","title":{"rendered":"Nu te l\u0103sa p\u0103c\u0103lit! Ia Atitudine! Cump\u0103r\u0103turi \u00een cuno\u0219tin\u021b\u0103 de cauz\u0103&#8230; de Black Friday!"},"content":{"rendered":"<p style=\"text-align: justify;\"><a href=\"https:\/\/www.giurgiuveanul.ro\/stiri\/wp-content\/uploads\/2019\/11\/1573717993150-black_friday-S4.jpg\"><img loading=\"lazy\" decoding=\"async\" class=\"aligncenter size-large wp-image-64365\" src=\"https:\/\/www.giurgiuveanul.ro\/stiri\/wp-content\/uploads\/2019\/11\/1573717993150-black_friday-S4-560x315.jpg\" alt=\"1573717993150-black_friday-S4\" width=\"560\" height=\"315\" srcset=\"https:\/\/www.giurgiuveanul.ro\/stiri\/wp-content\/uploads\/2019\/11\/1573717993150-black_friday-S4-560x315.jpg 560w, https:\/\/www.giurgiuveanul.ro\/stiri\/wp-content\/uploads\/2019\/11\/1573717993150-black_friday-S4-250x141.jpg 250w, https:\/\/www.giurgiuveanul.ro\/stiri\/wp-content\/uploads\/2019\/11\/1573717993150-black_friday-S4-400x225.jpg 400w, https:\/\/www.giurgiuveanul.ro\/stiri\/wp-content\/uploads\/2019\/11\/1573717993150-black_friday-S4.jpg 800w\" sizes=\"auto, (max-width: 560px) 100vw, 560px\" \/><\/a>Cu ocazia reducerilor de Black Friday (Vinerea Neagra),<!--more--> InfoCons este al\u0103turi de consumatori.<br \/>\nNu uita, indiferent de promo\u021bie, ai acelea\u0219i drepturi. Un produs redus nu \u00eenseamn\u0103 \u0219i o reducere a drepturilor tale.<br \/>\nInfoCons este al\u0103turi de tine! Ai \u00eencredere, \u00eenainte de a cump\u0103ra, informeaz\u0103-te, testeaz\u0103, cunoa\u0219te-ti drepturile \u0219i numai dup\u0103 aceste etape, cump\u0103r\u0103.<br \/>\n7Dac\u0103 ai p\u0103\u021bit ceva, InfoCons te ajut\u0103 s\u0103 \u00ee\u021bi recuperezi daunele morale \u0219i materiale, apel\u00e2nd la num\u0103rul de telefon 0219615 &#8211; Num\u0103r de telefon apelabil din orice re\u021bea fix\u0103 sau mobil\u0103 cu tarif normal \u00een re\u021beaua Telekom<br \/>\nTotodat\u0103 po\u021bi apela la telefonul consumatorilor al Autorit\u0103\u021bii Na\u021bionale pentru \u00a0Protec\u021bia Consumatorilor \u2013 0219551.<br \/>\nAnul acesta vine cu un plus pentru consumatori intr\u00e2nd \u00een vigoare prevederile directivei europene, PE- CONS 83\/19 \u2013 Directiva 98\/6\/CE care introduce articole noi cu privire la reduceri :<br \/>\n\u201eArticolul 6a<br \/>\n(1) Orice notificare de reducere a pre\u021bului indic\u0103 pre\u021bul anterior aplicat de comerciant pentru o perioad\u0103 determinat\u0103, \u00eenainte de aplicarea reducerii de pre\u021b.<br \/>\n(2) Pre\u021bul anterior \u00eenseamn\u0103 pre\u021bul cel mai sc\u0103zut practicat de comerciant pentru o perioad\u0103 de timp de cel pu\u021bin 30 de zile \u00eenainte de aplicarea reducerii de pre\u021b.\u201d<br \/>\nInfoCons sf\u0103tuie\u0219te consumatorii care doresc s\u0103 achizi\u021bioneze produse \u00een perioada Black Friday s\u0103:<br \/>\n&#8211; \u00a0 \u00a0 \u00a0 \u00a0 \u00a0monitorizeze timp de 30 de zile pre\u021burile produsului pe care doresc s\u0103 \u00eel achizi\u021bioneze, pentru ca reducerea s\u0103 fie una real\u0103;<br \/>\n&#8211; \u00a0 \u00a0 \u00a0 \u00a0 \u00a0verifice \u00a0la momentul achizi\u021biei dac\u0103 produsul se afl\u0103 pe stoc;<br \/>\n&#8211; \u00a0 \u00a0 \u00a0 \u00a0 \u00a0verifice dac\u0103 pre\u021bul afi\u0219at este integral (con\u021bine sau nu TVA);<br \/>\n&#8211; \u00a0 \u00a0 \u00a0 \u00a0 \u00a0fie aten\u021bi dac\u0103 pre\u021bul include \u0219i costurile de livrare ale produsului ;<\/p>\n<p>Comerciantul este obligat s\u0103 informeze corect \u0219i \u00a0complet consumatorii. Pe website-ul acestuia trebuie publicate o serie de informa\u021bii:<br \/>\n\uf0a7\u00a0\u00a0 \u00a0Datele de identificare (denumirea, adresa po\u0219tal\u0103 \u0219i electronic\u0103, num\u0103rul de telefon, num\u0103rul de \u00eenregistrare \u00een registrul societ\u0103\u021bilor comerciale \u0219i cel de \u00eenregistrare fiscala etc);<br \/>\n\uf0a7\u00a0\u00a0 \u00a0Caracteristicile esen\u021biale ale produsului;<br \/>\n\uf0a7\u00a0\u00a0 \u00a0Pretul cu toate taxele incluse;<br \/>\n\uf0a7\u00a0\u00a0 \u00a0Cheltuielile de livrare, daca este cazul;<br \/>\n\uf0a7\u00a0\u00a0 \u00a0Modalitatile de plata si de livrare;<br \/>\n\uf0a7\u00a0\u00a0 \u00a0Perioada de valabilitate a ofertei sau a pretului;<br \/>\n\uf0a7\u00a0\u00a0 \u00a0Durata minima a contractului, in cazul contractelor care prevad furnizarea curenta sau periodica a unui produs;<br \/>\n\uf0a7\u00a0\u00a0 \u00a0Existenta si modul de exercitare a dreptului de denuntare unilaterala a contractului.<\/p>\n<p style=\"text-align: justify;\"><em>\u201cA \u00eenceput febra reducerilor, discounturilor, sold\u0103rilor, promotiilor sau cum mai sunt denumite, pentru c\u0103 nici nu mai \u0219tim dac\u0103 suntem \u00een fa\u021ba unei vitrine din Rom\u00e2nia sau Anglia.Oare chiar avem nevoie de produsele respective? Sau doar ne bucur\u0103m c\u0103 facem o afacere la un pre\u021b mic?Este oare o afacere? S\u0103 nu uit\u0103m c\u0103 suntem consumatori \u0219i toate aceste lumini\u021be \u0219i oferte sunt menite s\u0103 ne atrag\u0103 doar, doar, mai cumpar\u0103m ceva. Ar trebui sa ne g\u00e2ndim dac\u0103 avem o nevoie real\u0103 \u0219i necesar\u0103, s\u0103 facem o evaluare a produsului respectiv \u0219i s\u0103 nu cump\u0103r\u0103m imediat, \u00een urma unui impuls, \u00een fa\u021ba unui mesaj de tipul &#8222;doar acum cu 70% mai ieftin&#8221;, mai ieftin dec\u00e2t ce era realmente mai ieftin. Cel mai important este s\u0103 nu uit\u0103m s\u0103 ne uit\u0103m pe etichet\u0103 \u0219i s\u0103 o citim atent. Nu uita, indiferent de promo\u021bie, ai acelea\u0219i drepturi. Un produs redus nu \u00eenseamn\u0103 \u0219i o reducere a drepturilor tale. Black Friday, ini\u021bial o sear\u0103 a reducerilor, devine o vineri cam lung\u0103, zile \u00eentregi, s\u0103pt\u0103m\u00e2ni sau chiar o lun\u0103. \u201c &#8211;\u00a0<\/em>Sorin Mierlea &#8211; Presedinte InfoCons<\/p>\n<p>InfoCons (<a href=\"http:\/\/www.infocons.ro\/\">www.infocons.ro<\/a>) &#8211; Asocia\u021bie Na\u021bional\u0103 de Protec\u021bia Consumatorilor, unica organiza\u021bie din Rom\u00e2nia cu drepturi depline \u00een Consumers International, este o asocia\u021bie de consumatori neguvernamental\u0103, apolitic\u0103, reprezentativ\u0103, de drept privat, f\u0103r\u0103 scop lucrativ, cu patrimoniu distinct \u0219i indivizibil, independent\u0103, \u00eentemeiat\u0103 pe principii democratice, ce ap\u0103r\u0103 drepturile consumatorilor \u2013 membr\u0103 fondatoare a Federa\u021biei Asocia\u021biilor de Consumatori.<\/p>\n<p>Fii informat! Ia atitudine! Cunoa\u0219te-\u021bi drepturile \u0219i exercit\u0103-le apel\u00e2nd 021 9615!** din orice re\u021bea fix\u0103 sau mobil\u0103 sau *9615*** din orice re\u021bea mobil\u0103!<\/p>\n<p>**Num\u0103r de telefon apelabil din orice re\u021bea fix\u0103 sau mobil\u0103 cu tarif normal \u00een re\u021beaua Telekom<br \/>\n***Num\u0103r de telefon apelabil din orice re\u021bea mobil\u0103 cu tarif normal<\/p>\n","protected":false},"excerpt":{"rendered":"<p>Cu ocazia reducerilor de Black Friday (Vinerea Neagra),<\/p>\n","protected":false},"author":1,"featured_media":0,"comment_status":"open","ping_status":"open","sticky":false,"template":"","format":"standard","meta":{"footnotes":""},"categories":[6],"tags":[],"class_list":["post-64364","post","type-post","status-publish","format-standard","hentry","category-breaking-news"],"_links":{"self":[{"href":"https:\/\/www.giurgiuveanul.ro\/stiri\/wp-json\/wp\/v2\/posts\/64364","targetHints":{"allow":["GET"]}}],"collection":[{"href":"https:\/\/www.giurgiuveanul.ro\/stiri\/wp-json\/wp\/v2\/posts"}],"about":[{"href":"https:\/\/www.giurgiuveanul.ro\/stiri\/wp-json\/wp\/v2\/types\/post"}],"author":[{"embeddable":true,"href":"https:\/\/www.giurgiuveanul.ro\/stiri\/wp-json\/wp\/v2\/users\/1"}],"replies":[{"embeddable":true,"href":"https:\/\/www.giurgiuveanul.ro\/stiri\/wp-json\/wp\/v2\/comments?post=64364"}],"version-history":[{"count":0,"href":"https:\/\/www.giurgiuveanul.ro\/stiri\/wp-json\/wp\/v2\/posts\/64364\/revisions"}],"wp:attachment":[{"href":"https:\/\/www.giurgiuveanul.ro\/stiri\/wp-json\/wp\/v2\/media?parent=64364"}],"wp:term":[{"taxonomy":"category","embeddable":true,"href":"https:\/\/www.giurgiuveanul.ro\/stiri\/wp-json\/wp\/v2\/categories?post=64364"},{"taxonomy":"post_tag","embeddable":true,"href":"https:\/\/www.giurgiuveanul.ro\/stiri\/wp-json\/wp\/v2\/tags?post=64364"}],"curies":[{"name":"wp","href":"https:\/\/api.w.org\/{rel}","templated":true}]}}