{"id":64375,"date":"2019-11-17T14:44:14","date_gmt":"2019-11-17T12:44:14","guid":{"rendered":"https:\/\/www.giurgiuveanul.ro\/stiri\/?p=64375"},"modified":"2019-11-17T15:05:25","modified_gmt":"2019-11-17T13:05:25","slug":"acum-giurgiuvean-ameninta-ca-se-arunca-dintr-un-copac-foto","status":"publish","type":"post","link":"https:\/\/www.giurgiuveanul.ro\/stiri\/acum-giurgiuvean-ameninta-ca-se-arunca-dintr-un-copac-foto\/","title":{"rendered":"ACUM. Un giurgiuvean amenin\u0163\u0103 c\u0103 se arunc\u0103 dintr-un copac (FOTO)"},"content":{"rendered":"<p style=\"text-align: justify;\"><a href=\"https:\/\/www.giurgiuveanul.ro\/stiri\/wp-content\/uploads\/2019\/11\/75250983_368453160590338_6472475153400856576_n.jpg\"><img loading=\"lazy\" decoding=\"async\" class=\"aligncenter size-large wp-image-64380\" src=\"https:\/\/www.giurgiuveanul.ro\/stiri\/wp-content\/uploads\/2019\/11\/75250983_368453160590338_6472475153400856576_n-338x450.jpg\" alt=\"75250983_368453160590338_6472475153400856576_n\" width=\"338\" height=\"450\" srcset=\"https:\/\/www.giurgiuveanul.ro\/stiri\/wp-content\/uploads\/2019\/11\/75250983_368453160590338_6472475153400856576_n-338x450.jpg 338w, https:\/\/www.giurgiuveanul.ro\/stiri\/wp-content\/uploads\/2019\/11\/75250983_368453160590338_6472475153400856576_n-225x300.jpg 225w, https:\/\/www.giurgiuveanul.ro\/stiri\/wp-content\/uploads\/2019\/11\/75250983_368453160590338_6472475153400856576_n-400x533.jpg 400w, https:\/\/www.giurgiuveanul.ro\/stiri\/wp-content\/uploads\/2019\/11\/75250983_368453160590338_6472475153400856576_n.jpg 600w\" sizes=\"auto, (max-width: 338px) 100vw, 338px\" \/><\/a>Un giurgiuvean a pus pe jar autorit\u0103\u0163ile, amenin\u0163\u00e2nd c\u0103<!--more--> se arunc\u0103 din copacul \u00een care s-a urcat. Se \u00eent\u00e2mpl\u0103 \u00een localitatea Uzunu.<\/p>\n<p style=\"text-align: justify;\"><a href=\"https:\/\/www.giurgiuveanul.ro\/stiri\/wp-content\/uploads\/2019\/11\/75303714_2452678811467015_790717605341036544_n.jpg\"><img loading=\"lazy\" decoding=\"async\" class=\"aligncenter size-large wp-image-64386\" src=\"https:\/\/www.giurgiuveanul.ro\/stiri\/wp-content\/uploads\/2019\/11\/75303714_2452678811467015_790717605341036544_n-338x450.jpg\" alt=\"75303714_2452678811467015_790717605341036544_n\" width=\"338\" height=\"450\" srcset=\"https:\/\/www.giurgiuveanul.ro\/stiri\/wp-content\/uploads\/2019\/11\/75303714_2452678811467015_790717605341036544_n-338x450.jpg 338w, https:\/\/www.giurgiuveanul.ro\/stiri\/wp-content\/uploads\/2019\/11\/75303714_2452678811467015_790717605341036544_n-225x300.jpg 225w, https:\/\/www.giurgiuveanul.ro\/stiri\/wp-content\/uploads\/2019\/11\/75303714_2452678811467015_790717605341036544_n-400x533.jpg 400w, https:\/\/www.giurgiuveanul.ro\/stiri\/wp-content\/uploads\/2019\/11\/75303714_2452678811467015_790717605341036544_n.jpg 600w\" sizes=\"auto, (max-width: 338px) 100vw, 338px\" \/><\/a><\/p>\n<p style=\"text-align: justify;\"><a href=\"https:\/\/www.giurgiuveanul.ro\/stiri\/wp-content\/uploads\/2019\/11\/75625360_466036357360571_5355389945378766848_n1.jpg\"><img loading=\"lazy\" decoding=\"async\" class=\"aligncenter size-large wp-image-64387\" src=\"https:\/\/www.giurgiuveanul.ro\/stiri\/wp-content\/uploads\/2019\/11\/75625360_466036357360571_5355389945378766848_n1-253x450.jpg\" alt=\"75625360_466036357360571_5355389945378766848_n\" width=\"253\" height=\"450\" srcset=\"https:\/\/www.giurgiuveanul.ro\/stiri\/wp-content\/uploads\/2019\/11\/75625360_466036357360571_5355389945378766848_n1-253x450.jpg 253w, https:\/\/www.giurgiuveanul.ro\/stiri\/wp-content\/uploads\/2019\/11\/75625360_466036357360571_5355389945378766848_n1-169x300.jpg 169w, https:\/\/www.giurgiuveanul.ro\/stiri\/wp-content\/uploads\/2019\/11\/75625360_466036357360571_5355389945378766848_n1-338x600.jpg 338w, https:\/\/www.giurgiuveanul.ro\/stiri\/wp-content\/uploads\/2019\/11\/75625360_466036357360571_5355389945378766848_n1.jpg 450w\" sizes=\"auto, (max-width: 253px) 100vw, 253px\" \/><\/a><\/p>\n<p style=\"text-align: justify;\">Echipele de interventie si de negociere din cadrul IPJ Giurgiu, ISU si Jandameriei sunt la fa\u0163a locului.<\/p>\n<p style=\"text-align: justify;\">Vom reveni cu am\u0103nunte.<\/p>\n<p style=\"text-align: justify;\"><em><strong>N.R. Mul\u0163umim \u015fi pe aceast\u0103 cale cititorilor no\u015ftri pentru fotografiile trimise pe adresa redac\u0163iei.<\/strong><\/em><\/p>\n","protected":false},"excerpt":{"rendered":"<p>Un giurgiuvean a pus pe jar autorit\u0103\u0163ile, amenin\u0163\u00e2nd c\u0103<\/p>\n","protected":false},"author":1,"featured_media":0,"comment_status":"open","ping_status":"open","sticky":false,"template":"","format":"standard","meta":{"footnotes":""},"categories":[6],"tags":[],"class_list":["post-64375","post","type-post","status-publish","format-standard","hentry","category-breaking-news"],"_links":{"self":[{"href":"https:\/\/www.giurgiuveanul.ro\/stiri\/wp-json\/wp\/v2\/posts\/64375","targetHints":{"allow":["GET"]}}],"collection":[{"href":"https:\/\/www.giurgiuveanul.ro\/stiri\/wp-json\/wp\/v2\/posts"}],"about":[{"href":"https:\/\/www.giurgiuveanul.ro\/stiri\/wp-json\/wp\/v2\/types\/post"}],"author":[{"embeddable":true,"href":"https:\/\/www.giurgiuveanul.ro\/stiri\/wp-json\/wp\/v2\/users\/1"}],"replies":[{"embeddable":true,"href":"https:\/\/www.giurgiuveanul.ro\/stiri\/wp-json\/wp\/v2\/comments?post=64375"}],"version-history":[{"count":0,"href":"https:\/\/www.giurgiuveanul.ro\/stiri\/wp-json\/wp\/v2\/posts\/64375\/revisions"}],"wp:attachment":[{"href":"https:\/\/www.giurgiuveanul.ro\/stiri\/wp-json\/wp\/v2\/media?parent=64375"}],"wp:term":[{"taxonomy":"category","embeddable":true,"href":"https:\/\/www.giurgiuveanul.ro\/stiri\/wp-json\/wp\/v2\/categories?post=64375"},{"taxonomy":"post_tag","embeddable":true,"href":"https:\/\/www.giurgiuveanul.ro\/stiri\/wp-json\/wp\/v2\/tags?post=64375"}],"curies":[{"name":"wp","href":"https:\/\/api.w.org\/{rel}","templated":true}]}}