{"id":64395,"date":"2019-11-17T17:35:51","date_gmt":"2019-11-17T15:35:51","guid":{"rendered":"https:\/\/www.giurgiuveanul.ro\/stiri\/?p=64395"},"modified":"2019-11-17T17:43:52","modified_gmt":"2019-11-17T15:43:52","slug":"ce-s-a-mai-intamplat-cu-barbatul-care-ameninta-ca-se-arunca-din-copac","status":"publish","type":"post","link":"https:\/\/www.giurgiuveanul.ro\/stiri\/ce-s-a-mai-intamplat-cu-barbatul-care-ameninta-ca-se-arunca-din-copac\/","title":{"rendered":"Ce s-a mai \u00eent\u00e2mplat cu b\u0103rbatul care amenin\u0163a c\u0103 se arunc\u0103 din copac"},"content":{"rendered":"<p style=\"text-align: justify;\"><a href=\"https:\/\/www.giurgiuveanul.ro\/stiri\/wp-content\/uploads\/2019\/11\/poza-buna.jpg\"><img loading=\"lazy\" decoding=\"async\" class=\"aligncenter size-large wp-image-64396\" src=\"https:\/\/www.giurgiuveanul.ro\/stiri\/wp-content\/uploads\/2019\/11\/poza-buna-338x450.jpg\" alt=\"poza buna\" width=\"338\" height=\"450\" srcset=\"https:\/\/www.giurgiuveanul.ro\/stiri\/wp-content\/uploads\/2019\/11\/poza-buna-338x450.jpg 338w, https:\/\/www.giurgiuveanul.ro\/stiri\/wp-content\/uploads\/2019\/11\/poza-buna-225x300.jpg 225w, https:\/\/www.giurgiuveanul.ro\/stiri\/wp-content\/uploads\/2019\/11\/poza-buna-400x533.jpg 400w, https:\/\/www.giurgiuveanul.ro\/stiri\/wp-content\/uploads\/2019\/11\/poza-buna.jpg 600w\" sizes=\"auto, (max-width: 338px) 100vw, 338px\" \/><\/a>Potrivit informa\u0163iilor oferite de<!--more--> reprezentantul ISU Giurgiu, \u00een urm\u0103 cu pu\u0163in, la ora 17:20, b\u0103rbatul care amenin\u0163a c\u0103 se arunc\u0103 dintr-un copac, \u00een localitatea Uzunu, a renun\u0163at la acest gest.<\/p>\n<p style=\"text-align: justify;\">Acesta\u00a0a cobor\u00e2t cu ajutorul nacelei de la Pompieri \u015fi a fost condus la Ambulan\u0163\u0103.<\/p>\n<p style=\"text-align: justify;\"><a href=\"https:\/\/www.giurgiuveanul.ro\/stiri\/wp-content\/uploads\/2019\/11\/69884925_530231867533168_8765252670236655616_n.jpg\"><img loading=\"lazy\" decoding=\"async\" class=\"aligncenter size-large wp-image-64401\" src=\"https:\/\/www.giurgiuveanul.ro\/stiri\/wp-content\/uploads\/2019\/11\/69884925_530231867533168_8765252670236655616_n-337x450.jpg\" alt=\"69884925_530231867533168_8765252670236655616_n\" width=\"337\" height=\"450\" srcset=\"https:\/\/www.giurgiuveanul.ro\/stiri\/wp-content\/uploads\/2019\/11\/69884925_530231867533168_8765252670236655616_n-337x450.jpg 337w, https:\/\/www.giurgiuveanul.ro\/stiri\/wp-content\/uploads\/2019\/11\/69884925_530231867533168_8765252670236655616_n-225x300.jpg 225w, https:\/\/www.giurgiuveanul.ro\/stiri\/wp-content\/uploads\/2019\/11\/69884925_530231867533168_8765252670236655616_n-400x534.jpg 400w, https:\/\/www.giurgiuveanul.ro\/stiri\/wp-content\/uploads\/2019\/11\/69884925_530231867533168_8765252670236655616_n.jpg 480w\" sizes=\"auto, (max-width: 337px) 100vw, 337px\" \/><\/a><\/p>\n<p style=\"text-align: justify;\">Potrivit martorilor, b\u0103rbatul a dat termen autorit\u0103\u0163ilor p\u00e2n\u0103 vineri pentru rezolvarea unor probleme, \u00een caz contrar urm\u00e2nd a recurge la acela\u015fi tip de amenin\u0163are doar c\u0103 se va arunca de pe o cl\u0103dire din Giurgiu, \u00een apropierea turului II al alegerilor preziden\u0163iale.<\/p>\n","protected":false},"excerpt":{"rendered":"<p>Potrivit informa\u0163iilor oferite de<\/p>\n","protected":false},"author":1,"featured_media":0,"comment_status":"open","ping_status":"open","sticky":false,"template":"","format":"standard","meta":{"footnotes":""},"categories":[6],"tags":[],"class_list":["post-64395","post","type-post","status-publish","format-standard","hentry","category-breaking-news"],"_links":{"self":[{"href":"https:\/\/www.giurgiuveanul.ro\/stiri\/wp-json\/wp\/v2\/posts\/64395","targetHints":{"allow":["GET"]}}],"collection":[{"href":"https:\/\/www.giurgiuveanul.ro\/stiri\/wp-json\/wp\/v2\/posts"}],"about":[{"href":"https:\/\/www.giurgiuveanul.ro\/stiri\/wp-json\/wp\/v2\/types\/post"}],"author":[{"embeddable":true,"href":"https:\/\/www.giurgiuveanul.ro\/stiri\/wp-json\/wp\/v2\/users\/1"}],"replies":[{"embeddable":true,"href":"https:\/\/www.giurgiuveanul.ro\/stiri\/wp-json\/wp\/v2\/comments?post=64395"}],"version-history":[{"count":0,"href":"https:\/\/www.giurgiuveanul.ro\/stiri\/wp-json\/wp\/v2\/posts\/64395\/revisions"}],"wp:attachment":[{"href":"https:\/\/www.giurgiuveanul.ro\/stiri\/wp-json\/wp\/v2\/media?parent=64395"}],"wp:term":[{"taxonomy":"category","embeddable":true,"href":"https:\/\/www.giurgiuveanul.ro\/stiri\/wp-json\/wp\/v2\/categories?post=64395"},{"taxonomy":"post_tag","embeddable":true,"href":"https:\/\/www.giurgiuveanul.ro\/stiri\/wp-json\/wp\/v2\/tags?post=64395"}],"curies":[{"name":"wp","href":"https:\/\/api.w.org\/{rel}","templated":true}]}}