{"id":64414,"date":"2019-11-18T09:47:44","date_gmt":"2019-11-18T07:47:44","guid":{"rendered":"https:\/\/www.giurgiuveanul.ro\/stiri\/?p=64414"},"modified":"2019-11-18T09:48:10","modified_gmt":"2019-11-18T07:48:10","slug":"cnas-cardul-european-de-sanatate-va-putea-fi-solicitat-si-online","status":"publish","type":"post","link":"https:\/\/www.giurgiuveanul.ro\/stiri\/cnas-cardul-european-de-sanatate-va-putea-fi-solicitat-si-online\/","title":{"rendered":"CNAS: Cardul european de s\u0103n\u0103tate va putea fi solicitat \u0219i online"},"content":{"rendered":"<p style=\"text-align: justify;\"><strong><a href=\"https:\/\/www.giurgiuveanul.ro\/stiri\/wp-content\/uploads\/2019\/11\/cardul-european-de-sanatate.jpg\"><img loading=\"lazy\" decoding=\"async\" class=\"aligncenter size-large wp-image-64415\" src=\"https:\/\/www.giurgiuveanul.ro\/stiri\/wp-content\/uploads\/2019\/11\/cardul-european-de-sanatate-560x372.jpg\" alt=\"cardul-european-de-sanatate\" width=\"560\" height=\"372\" srcset=\"https:\/\/www.giurgiuveanul.ro\/stiri\/wp-content\/uploads\/2019\/11\/cardul-european-de-sanatate-560x372.jpg 560w, https:\/\/www.giurgiuveanul.ro\/stiri\/wp-content\/uploads\/2019\/11\/cardul-european-de-sanatate-250x166.jpg 250w, https:\/\/www.giurgiuveanul.ro\/stiri\/wp-content\/uploads\/2019\/11\/cardul-european-de-sanatate-400x266.jpg 400w, https:\/\/www.giurgiuveanul.ro\/stiri\/wp-content\/uploads\/2019\/11\/cardul-european-de-sanatate.jpg 800w\" sizes=\"auto, (max-width: 560px) 100vw, 560px\" \/><\/a>Casa Na\u021bional\u0103 de Asigur\u0103ri de S\u0103n\u0103tate (CNAS) a anun\u021bat recent c\u0103<!--more--> a semnat un Acord \u2013 cadru pentru o perioad\u0103 de 3 ani \u00een baza c\u0103ruia este reluat\u0103 tip\u0103rirea \u0219i distribu\u021bia de carduri europene de s\u0103n\u0103tate, \u00eencep\u00e2nd cu data de 15 noiembrie. Potrivit CNAS, este analizat\u0103 posibilitatea dezvolt\u0103rii unei aplica\u021bii prin intermediul c\u0103reia cardul de s\u0103n\u0103tate s\u0103 poat\u0103 fi solicitat online.<\/strong><\/p>\n<p style=\"text-align: justify;\">\u00cen urma licita\u021biei desf\u0103\u0219urate conform reglement\u0103rilor legale \u00een vigoare, a fost atribuit acordul \u2013 cadru, la un pre\u021b unitar pentru un card european de 7 lei + TVA. Aceste costuri de produc\u021bie \u0219i distribu\u021bie sunt suportate din FNUASS (Fondul na\u0163ional unic de asigur\u0103ri sociale de s\u0103n\u0103tate), beneficiarul primind cardul gratuit.<\/p>\n<p style=\"text-align: justify;\">Cardul european de asigur\u0103ri sociale de s\u0103n\u0103tate (CEASS) ofer\u0103 dreptul la asisten\u021b\u0103 medical\u0103 devenit\u0103 necesar\u0103 \u00een timpul \u015federii temporare pe teritoriul statelor membre UE, Spa\u0163iul Economic European sau Confedera\u0163ia Elve\u0163ian\u0103. Cardul european nu acoper\u0103 situa\u0163ia \u00een care asiguratul se deplaseaz\u0103 \u00eentr-un stat membru al UE\/SEE\/Confedera\u0163ia Elve\u0163ian\u0103 \u00een scopul ob\u0163inerii unui tratament medical planificat.<\/p>\n<p style=\"text-align: justify;\">CEASS acoper\u0103 doar serviciile medicale ob\u0163inute de la furnizorii care fac parte din sistemul de securitate social\u0103 din \u0163ara respectiv\u0103. Pentru anumite servicii, este posibil s\u0103 fie necesar\u0103 co-plata, chiar dac\u0103 \u00een Rom\u00e2nia acelea\u015fi servicii sunt decontate integral. Acest lucru depinde de sistemul de asigur\u0103ri din \u0163ara \u00een care sunt acordate aceste servicii.<\/p>\n<p style=\"text-align: justify;\">Cardul se elibereaz\u0103 la solicitarea asiguratului, care va depune \u00een scris, la sediul casei de asigur\u0103ri de s\u0103n\u0103tate \u00een eviden\u0163a c\u0103reia se afl\u0103, o cerere -tip. \u00cen termen de 7 zile de la depunerea solicit\u0103rii, cardul va fi primit de asigurat la adresa de domiciliu, prin servicii po\u0219tale.<\/p>\n<p style=\"text-align: justify;\"><em>\u201cAnaliz\u0103m posibilitatea dezvolt\u0103rii aplica\u021biei cardului european de s\u0103n\u0103tate \u00een a\u0219a fel \u00eenc\u00e2t s\u0103 nu mai fie obligatorie deplasarea solicitantului la casa de asigur\u0103ri de s\u0103n\u0103tate, iar cererea de eliberare a cardului s\u0103 poat\u0103 fi transmis\u0103 \u0219i online\u201d<\/em>, a declarat Vasile Ciurchea, pre\u0219edintele CNAS.<\/p>\n<p style=\"text-align: justify;\">De asemenea, mention\u0103m c\u0103 Certificatul de \u00cenlocuire Provizorie a Cardului European de S\u0103n\u0103tate, \u00een perioada de valabilitate \u00eenscris\u0103 pe document, ofer\u0103 acelea\u0219i drepturi ca \u0219i Cardul European de Asigur\u0103ri de S\u0103n\u0103tate.<\/p>\n<p style=\"text-align: justify;\"><strong>Perioada de valabilitate a Cardului European de Asigur\u0103ri de S\u0103n\u0103tate este de doi ani de la data emiterii<\/strong>.<\/p>\n<p>&nbsp;<\/p>\n","protected":false},"excerpt":{"rendered":"<p>Casa Na\u021bional\u0103 de Asigur\u0103ri de S\u0103n\u0103tate (CNAS) a anun\u021bat recent c\u0103<\/p>\n","protected":false},"author":1,"featured_media":0,"comment_status":"open","ping_status":"open","sticky":false,"template":"","format":"standard","meta":{"footnotes":""},"categories":[6],"tags":[],"class_list":["post-64414","post","type-post","status-publish","format-standard","hentry","category-breaking-news"],"_links":{"self":[{"href":"https:\/\/www.giurgiuveanul.ro\/stiri\/wp-json\/wp\/v2\/posts\/64414","targetHints":{"allow":["GET"]}}],"collection":[{"href":"https:\/\/www.giurgiuveanul.ro\/stiri\/wp-json\/wp\/v2\/posts"}],"about":[{"href":"https:\/\/www.giurgiuveanul.ro\/stiri\/wp-json\/wp\/v2\/types\/post"}],"author":[{"embeddable":true,"href":"https:\/\/www.giurgiuveanul.ro\/stiri\/wp-json\/wp\/v2\/users\/1"}],"replies":[{"embeddable":true,"href":"https:\/\/www.giurgiuveanul.ro\/stiri\/wp-json\/wp\/v2\/comments?post=64414"}],"version-history":[{"count":0,"href":"https:\/\/www.giurgiuveanul.ro\/stiri\/wp-json\/wp\/v2\/posts\/64414\/revisions"}],"wp:attachment":[{"href":"https:\/\/www.giurgiuveanul.ro\/stiri\/wp-json\/wp\/v2\/media?parent=64414"}],"wp:term":[{"taxonomy":"category","embeddable":true,"href":"https:\/\/www.giurgiuveanul.ro\/stiri\/wp-json\/wp\/v2\/categories?post=64414"},{"taxonomy":"post_tag","embeddable":true,"href":"https:\/\/www.giurgiuveanul.ro\/stiri\/wp-json\/wp\/v2\/tags?post=64414"}],"curies":[{"name":"wp","href":"https:\/\/api.w.org\/{rel}","templated":true}]}}