{"id":64452,"date":"2019-11-19T19:09:47","date_gmt":"2019-11-19T17:09:47","guid":{"rendered":"https:\/\/www.giurgiuveanul.ro\/stiri\/?p=64452"},"modified":"2019-11-19T19:25:39","modified_gmt":"2019-11-19T17:25:39","slug":"giurgiuvean-de-71-ani-condamnat-la-doi-inchisoare-pentru-infractiuni-la-regimul-circulatiei-rutiere","status":"publish","type":"post","link":"https:\/\/www.giurgiuveanul.ro\/stiri\/giurgiuvean-de-71-ani-condamnat-la-doi-inchisoare-pentru-infractiuni-la-regimul-circulatiei-rutiere\/","title":{"rendered":"Giurgiuvean, de 71 ani, condamnat la doi ani \u00eenchisoare pentru infrac\u021biuni la regimul circula\u021biei rutiere"},"content":{"rendered":"<p style=\"text-align: justify;\"><strong><a href=\"https:\/\/www.giurgiuveanul.ro\/stiri\/wp-content\/uploads\/2019\/11\/inchisoare.jpg\"><img loading=\"lazy\" decoding=\"async\" class=\"aligncenter size-large wp-image-64453\" src=\"https:\/\/www.giurgiuveanul.ro\/stiri\/wp-content\/uploads\/2019\/11\/inchisoare-560x315.jpg\" alt=\"inchisoare\" width=\"560\" height=\"315\" srcset=\"https:\/\/www.giurgiuveanul.ro\/stiri\/wp-content\/uploads\/2019\/11\/inchisoare-560x315.jpg 560w, https:\/\/www.giurgiuveanul.ro\/stiri\/wp-content\/uploads\/2019\/11\/inchisoare-250x140.jpg 250w, https:\/\/www.giurgiuveanul.ro\/stiri\/wp-content\/uploads\/2019\/11\/inchisoare-400x225.jpg 400w, https:\/\/www.giurgiuveanul.ro\/stiri\/wp-content\/uploads\/2019\/11\/inchisoare.jpg 728w\" sizes=\"auto, (max-width: 560px) 100vw, 560px\" \/><\/a>Poli\u021bi\u0219tii din cadrul Inspectoratului Jude\u021bean de Poli\u021bie al Jude\u021bului Giurgiu au<!--more--> pus \u00een aplicare un mandat de executare a pedepsei cu \u00eenchisoarea, emis pe numele unui b\u0103rbat, din comuna Putineiu, jude\u021bul Giurgiu, condamnat la o pedeaps\u0103 de doi ani \u00eenchisoare.<\/strong><\/p>\n<p style=\"text-align: justify;\">Luni, 18 noiembrie a.c., poli\u021bi\u0219tii din cadrul Serviciului de Investiga\u021bii Criminale au organizat \u0219i executat o ac\u021biune pe linie de urm\u0103ri\u021bi pe raza comunei Putineiu, jude\u021bul Giurgiu, ocazie cu care au depistat un b\u0103rbat, de 71 de ani, din localitate, pe numele c\u0103ruia Judec\u0103toria Giurgiu a emis mandat de executare a pedepsei cu \u00eenchisoarea, fiind condamnat la o pedeaps\u0103 de doi ani \u00eenchisoare pentru s\u0103v\u00e2r\u0219irea de infrac\u021biuni la regimul circula\u021biei rutiere.<\/p>\n<p style=\"text-align: justify;\">Persoana depistat\u0103 a fost condus\u0103 la sediul unit\u0103\u021bii de poli\u021bie pentru \u00eentocmirea documenta\u021biei necesare \u0219i depus\u0103 ulterior \u00een cadrul Penitenciarului de Maxim\u0103 Siguran\u021b\u0103 Giurgiu.<\/p>\n","protected":false},"excerpt":{"rendered":"<p>Poli\u021bi\u0219tii din cadrul Inspectoratului Jude\u021bean de Poli\u021bie al Jude\u021bului Giurgiu au<\/p>\n","protected":false},"author":1,"featured_media":0,"comment_status":"open","ping_status":"open","sticky":false,"template":"","format":"standard","meta":{"footnotes":""},"categories":[6],"tags":[],"class_list":["post-64452","post","type-post","status-publish","format-standard","hentry","category-breaking-news"],"_links":{"self":[{"href":"https:\/\/www.giurgiuveanul.ro\/stiri\/wp-json\/wp\/v2\/posts\/64452","targetHints":{"allow":["GET"]}}],"collection":[{"href":"https:\/\/www.giurgiuveanul.ro\/stiri\/wp-json\/wp\/v2\/posts"}],"about":[{"href":"https:\/\/www.giurgiuveanul.ro\/stiri\/wp-json\/wp\/v2\/types\/post"}],"author":[{"embeddable":true,"href":"https:\/\/www.giurgiuveanul.ro\/stiri\/wp-json\/wp\/v2\/users\/1"}],"replies":[{"embeddable":true,"href":"https:\/\/www.giurgiuveanul.ro\/stiri\/wp-json\/wp\/v2\/comments?post=64452"}],"version-history":[{"count":0,"href":"https:\/\/www.giurgiuveanul.ro\/stiri\/wp-json\/wp\/v2\/posts\/64452\/revisions"}],"wp:attachment":[{"href":"https:\/\/www.giurgiuveanul.ro\/stiri\/wp-json\/wp\/v2\/media?parent=64452"}],"wp:term":[{"taxonomy":"category","embeddable":true,"href":"https:\/\/www.giurgiuveanul.ro\/stiri\/wp-json\/wp\/v2\/categories?post=64452"},{"taxonomy":"post_tag","embeddable":true,"href":"https:\/\/www.giurgiuveanul.ro\/stiri\/wp-json\/wp\/v2\/tags?post=64452"}],"curies":[{"name":"wp","href":"https:\/\/api.w.org\/{rel}","templated":true}]}}