{"id":64492,"date":"2019-11-20T20:22:44","date_gmt":"2019-11-20T18:22:44","guid":{"rendered":"https:\/\/www.giurgiuveanul.ro\/stiri\/?p=64492"},"modified":"2019-11-20T20:23:23","modified_gmt":"2019-11-20T18:23:23","slug":"vineri-vino-sa-ti-iei-portia-de-ras-stand-comedy-cu-gabriel-gherghe-la-trattoria-di-centro","status":"publish","type":"post","link":"https:\/\/www.giurgiuveanul.ro\/stiri\/vineri-vino-sa-ti-iei-portia-de-ras-stand-comedy-cu-gabriel-gherghe-la-trattoria-di-centro\/","title":{"rendered":"VINERI: Vino s\u0103-\u0163i iei por\u0163ia de r\u00e2s! Stand Up Comedy cu Gabriel Gherghe, \u201eLa Trattoria di Centro\u201d!"},"content":{"rendered":"<p style=\"text-align: justify;\"><strong><a href=\"https:\/\/www.giurgiuveanul.ro\/stiri\/wp-content\/uploads\/2019\/11\/73541649_567413890468412_1622297074269683712_n.jpg\"><img loading=\"lazy\" decoding=\"async\" class=\"aligncenter size-large wp-image-64493\" src=\"https:\/\/www.giurgiuveanul.ro\/stiri\/wp-content\/uploads\/2019\/11\/73541649_567413890468412_1622297074269683712_n-318x450.jpg\" alt=\"73541649_567413890468412_1622297074269683712_n\" width=\"318\" height=\"450\" srcset=\"https:\/\/www.giurgiuveanul.ro\/stiri\/wp-content\/uploads\/2019\/11\/73541649_567413890468412_1622297074269683712_n-318x450.jpg 318w, https:\/\/www.giurgiuveanul.ro\/stiri\/wp-content\/uploads\/2019\/11\/73541649_567413890468412_1622297074269683712_n-212x300.jpg 212w, https:\/\/www.giurgiuveanul.ro\/stiri\/wp-content\/uploads\/2019\/11\/73541649_567413890468412_1622297074269683712_n-400x566.jpg 400w, https:\/\/www.giurgiuveanul.ro\/stiri\/wp-content\/uploads\/2019\/11\/73541649_567413890468412_1622297074269683712_n.jpg 678w\" sizes=\"auto, (max-width: 318px) 100vw, 318px\" \/><\/a>Vineri seara, 22 noiembrie, sunte\u0163i a\u015ftepta\u0163i \u00een \u201eLa Trattoria di Centro\u201d, din Giurgiu, pentru<!--more--> o por\u0163ie bun\u0103 de r\u00e2s. Gabriel Gherghe v\u0103 a\u015fteap\u0103 cu un stand up comedy de excep\u0163ie. Astfel c\u0103, dac\u0103 vre\u0163i s\u0103 r\u00e2de\u0163i cu lacrimi, rezerva\u0163i-v\u0103 un loc \u015fi petrece\u0163i o sear\u0103 de neuitat.<\/strong><\/p>\n<p style=\"text-align: justify;\">De peste \u015fapte ani pe scena de comedie \u015fi cu peste 9 milioane de vizualizari pe Youtube, Gabriel Gherghe este unul dintre dintre cei mai indragiti comedianti din Romania iar acum ajunge \u00een&#8230; ora\u015ful Giurgiu!<\/p>\n<p style=\"text-align: justify;\">Gabriel Gherghe a fost preg\u0103tit de Cheloo pentru marea final\u0103 la iUmor. De\u015fi la \u00eenceput cei doi s-au cam contrazis, \u00een cele din urm\u0103 au g\u0103sit o cale de mijloc pentru un num\u0103r de senza\u0163ie<\/p>\n<p style=\"text-align: justify;\">A primit aplauze de la jura\u0163i, dar \u015fi de la public. Totul pentru num\u00e3rul impecabil de stand-up la care toat\u0103 lumea a r\u00e2s cu lacrimi.<\/p>\n<p style=\"text-align: justify;\"><strong>Pre\u0163ul unui bilet este de 25 lei<\/strong>, iar <strong>pentru rezerv\u0103ri pute\u0163i suna la<\/strong> num\u0103rul de telefon <strong>0765.480.488<\/strong>.<\/p>\n","protected":false},"excerpt":{"rendered":"<p>Vineri seara, 22 noiembrie, sunte\u0163i a\u015ftepta\u0163i \u00een \u201eLa Trattoria di Centro\u201d, din Giurgiu, pentru<\/p>\n","protected":false},"author":1,"featured_media":0,"comment_status":"open","ping_status":"open","sticky":false,"template":"","format":"standard","meta":{"footnotes":""},"categories":[6],"tags":[],"class_list":["post-64492","post","type-post","status-publish","format-standard","hentry","category-breaking-news"],"_links":{"self":[{"href":"https:\/\/www.giurgiuveanul.ro\/stiri\/wp-json\/wp\/v2\/posts\/64492","targetHints":{"allow":["GET"]}}],"collection":[{"href":"https:\/\/www.giurgiuveanul.ro\/stiri\/wp-json\/wp\/v2\/posts"}],"about":[{"href":"https:\/\/www.giurgiuveanul.ro\/stiri\/wp-json\/wp\/v2\/types\/post"}],"author":[{"embeddable":true,"href":"https:\/\/www.giurgiuveanul.ro\/stiri\/wp-json\/wp\/v2\/users\/1"}],"replies":[{"embeddable":true,"href":"https:\/\/www.giurgiuveanul.ro\/stiri\/wp-json\/wp\/v2\/comments?post=64492"}],"version-history":[{"count":0,"href":"https:\/\/www.giurgiuveanul.ro\/stiri\/wp-json\/wp\/v2\/posts\/64492\/revisions"}],"wp:attachment":[{"href":"https:\/\/www.giurgiuveanul.ro\/stiri\/wp-json\/wp\/v2\/media?parent=64492"}],"wp:term":[{"taxonomy":"category","embeddable":true,"href":"https:\/\/www.giurgiuveanul.ro\/stiri\/wp-json\/wp\/v2\/categories?post=64492"},{"taxonomy":"post_tag","embeddable":true,"href":"https:\/\/www.giurgiuveanul.ro\/stiri\/wp-json\/wp\/v2\/tags?post=64492"}],"curies":[{"name":"wp","href":"https:\/\/api.w.org\/{rel}","templated":true}]}}