{"id":64499,"date":"2019-11-21T09:30:47","date_gmt":"2019-11-21T07:30:47","guid":{"rendered":"https:\/\/www.giurgiuveanul.ro\/stiri\/?p=64499"},"modified":"2019-11-21T09:30:47","modified_gmt":"2019-11-21T07:30:47","slug":"giurgiuvean-condamnat-la-doi-ani-si-opt-luni-inchisoare-pentru-contrabanda-prins-de-politisti","status":"publish","type":"post","link":"https:\/\/www.giurgiuveanul.ro\/stiri\/giurgiuvean-condamnat-la-doi-ani-si-opt-luni-inchisoare-pentru-contrabanda-prins-de-politisti\/","title":{"rendered":"Giurgiuvean condamnat la doi ani \u015fi opt luni \u00eenchisoare pentru contraband\u0103, prins de poli\u021bi\u0219ti"},"content":{"rendered":"<p style=\"text-align: justify;\"><strong><a href=\"https:\/\/www.giurgiuveanul.ro\/stiri\/wp-content\/uploads\/2019\/11\/catusearestarednaprocurori.uczqsix45m-1-1000x600.jpg\"><img loading=\"lazy\" decoding=\"async\" class=\"aligncenter size-large wp-image-64500\" src=\"https:\/\/www.giurgiuveanul.ro\/stiri\/wp-content\/uploads\/2019\/11\/catusearestarednaprocurori.uczqsix45m-1-1000x600-560x336.jpg\" alt=\"catusearestarednaprocurori.uczqsix45m-1-1000x600\" width=\"560\" height=\"336\" srcset=\"https:\/\/www.giurgiuveanul.ro\/stiri\/wp-content\/uploads\/2019\/11\/catusearestarednaprocurori.uczqsix45m-1-1000x600-560x336.jpg 560w, https:\/\/www.giurgiuveanul.ro\/stiri\/wp-content\/uploads\/2019\/11\/catusearestarednaprocurori.uczqsix45m-1-1000x600-250x150.jpg 250w, https:\/\/www.giurgiuveanul.ro\/stiri\/wp-content\/uploads\/2019\/11\/catusearestarednaprocurori.uczqsix45m-1-1000x600-400x240.jpg 400w, https:\/\/www.giurgiuveanul.ro\/stiri\/wp-content\/uploads\/2019\/11\/catusearestarednaprocurori.uczqsix45m-1-1000x600.jpg 1000w\" sizes=\"auto, (max-width: 560px) 100vw, 560px\" \/><\/a>Poli\u021bi\u0219tii din cadrul<!--more--> Inspectoratului Jude\u021bean de Poli\u021bie al Jude\u021bului Giurgiu au pus \u00een aplicare un mandat de executare a pedepsei cu \u00eenchisoarea, emis pe numele unui b\u0103rbat, din municipiul Giurgiu, condamnat la o pedeaps\u0103 de doi ani \u0219i opt luni \u00eenchisoare.<\/strong><\/p>\n<p style=\"text-align: justify;\">Mar\u021bi, 19 noiembrie a.c., poli\u021bi\u0219tii din cadrul Serviciului de Investiga\u021bii Criminale au organizat \u0219i executat o ac\u021biune pe linie de urm\u0103ri\u021bi pe raza municipiului Giurgiu, ocazie cu care au depistat un b\u0103rbat, de 50 de ani, din municipiu, pe numele c\u0103ruia Judec\u0103toria Giurgiu a emis mandat de executare a pedepsei cu \u00eenchisoarea, fiind condamnat la o pedeaps\u0103 de doi ani \u0219i opt luni \u00eenchisoare pentru s\u0103v\u00e2r\u0219irea infrac\u021biunii de contraband\u0103.<\/p>\n<p style=\"text-align: justify;\">Persoana depistat\u0103 a fost condus\u0103 la sediul unit\u0103\u021bii de poli\u021bie pentru \u00eentocmirea documenta\u021biei necesare \u0219i depus\u0103 ulterior \u00een cadrul Penitenciarului de Maxim\u0103 Siguran\u021b\u0103 Giurgiu.<\/p>\n","protected":false},"excerpt":{"rendered":"<p>Poli\u021bi\u0219tii din cadrul<\/p>\n","protected":false},"author":1,"featured_media":0,"comment_status":"open","ping_status":"open","sticky":false,"template":"","format":"standard","meta":{"footnotes":""},"categories":[6],"tags":[],"class_list":["post-64499","post","type-post","status-publish","format-standard","hentry","category-breaking-news"],"_links":{"self":[{"href":"https:\/\/www.giurgiuveanul.ro\/stiri\/wp-json\/wp\/v2\/posts\/64499","targetHints":{"allow":["GET"]}}],"collection":[{"href":"https:\/\/www.giurgiuveanul.ro\/stiri\/wp-json\/wp\/v2\/posts"}],"about":[{"href":"https:\/\/www.giurgiuveanul.ro\/stiri\/wp-json\/wp\/v2\/types\/post"}],"author":[{"embeddable":true,"href":"https:\/\/www.giurgiuveanul.ro\/stiri\/wp-json\/wp\/v2\/users\/1"}],"replies":[{"embeddable":true,"href":"https:\/\/www.giurgiuveanul.ro\/stiri\/wp-json\/wp\/v2\/comments?post=64499"}],"version-history":[{"count":0,"href":"https:\/\/www.giurgiuveanul.ro\/stiri\/wp-json\/wp\/v2\/posts\/64499\/revisions"}],"wp:attachment":[{"href":"https:\/\/www.giurgiuveanul.ro\/stiri\/wp-json\/wp\/v2\/media?parent=64499"}],"wp:term":[{"taxonomy":"category","embeddable":true,"href":"https:\/\/www.giurgiuveanul.ro\/stiri\/wp-json\/wp\/v2\/categories?post=64499"},{"taxonomy":"post_tag","embeddable":true,"href":"https:\/\/www.giurgiuveanul.ro\/stiri\/wp-json\/wp\/v2\/tags?post=64499"}],"curies":[{"name":"wp","href":"https:\/\/api.w.org\/{rel}","templated":true}]}}