{"id":64508,"date":"2019-11-21T18:26:41","date_gmt":"2019-11-21T16:26:41","guid":{"rendered":"https:\/\/www.giurgiuveanul.ro\/stiri\/?p=64508"},"modified":"2019-11-21T18:28:18","modified_gmt":"2019-11-21T16:28:18","slug":"atentie-elevi-poreclele-insultele-umilirile-sunt-interzise-legea-fost-promulgata-de-presedintele-romaniei","status":"publish","type":"post","link":"https:\/\/www.giurgiuveanul.ro\/stiri\/atentie-elevi-poreclele-insultele-umilirile-sunt-interzise-legea-fost-promulgata-de-presedintele-romaniei\/","title":{"rendered":"ATEN\u0162IE! Poreclele, insultele, umilirile, sunt interzise! Legea a fost promulgat\u0103 de pre\u015fedintele Rom\u00e2niei!"},"content":{"rendered":"<p style=\"text-align: justify;\"><strong><a href=\"https:\/\/www.giurgiuveanul.ro\/stiri\/wp-content\/uploads\/2019\/11\/ZDG2OEKBZNGEFNVCRQNE2PR4CQ-794x397.jpg\"><img loading=\"lazy\" decoding=\"async\" class=\"aligncenter size-large wp-image-64509\" src=\"https:\/\/www.giurgiuveanul.ro\/stiri\/wp-content\/uploads\/2019\/11\/ZDG2OEKBZNGEFNVCRQNE2PR4CQ-794x397-560x280.jpg\" alt=\"ZDG2OEKBZNGEFNVCRQNE2PR4CQ-794x397\" width=\"560\" height=\"280\" srcset=\"https:\/\/www.giurgiuveanul.ro\/stiri\/wp-content\/uploads\/2019\/11\/ZDG2OEKBZNGEFNVCRQNE2PR4CQ-794x397-560x280.jpg 560w, https:\/\/www.giurgiuveanul.ro\/stiri\/wp-content\/uploads\/2019\/11\/ZDG2OEKBZNGEFNVCRQNE2PR4CQ-794x397-250x125.jpg 250w, https:\/\/www.giurgiuveanul.ro\/stiri\/wp-content\/uploads\/2019\/11\/ZDG2OEKBZNGEFNVCRQNE2PR4CQ-794x397-400x200.jpg 400w, https:\/\/www.giurgiuveanul.ro\/stiri\/wp-content\/uploads\/2019\/11\/ZDG2OEKBZNGEFNVCRQNE2PR4CQ-794x397.jpg 794w\" sizes=\"auto, (max-width: 560px) 100vw, 560px\" \/><\/a>Legea nr. 221\/2019, ap\u0103rut\u0103<!--more--> mar\u021bi \u00een Monitorul Oficial, introduce \u00een Legea educa\u021biei na\u021bionale no\u021biunea de\u00a0violen\u021b\u0103 psihologic\u0103\u00a0sau, dup\u0103 cum mai este aceasta cunoscut\u0103,\u00a0bullying\u00a0\u0219i stabile\u0219te, totodat\u0103, \u0219i o serie de m\u0103suri ce au ca scop reducerea num\u0103rului de cazuri ce implic\u0103 acest tip de violen\u021b\u0103, \u00eent\u00e2lnit\u0103 din ce \u00een ce mai des \u00een \u00eenv\u0103\u021b\u0103m\u00e2ntul rom\u00e2nesc.<\/strong><\/p>\n<p style=\"text-align: justify;\">Concret, Legea Educa\u0163iei Na\u0163ionale este modificat\u0103 prin introducerea unor noi articole, care urm\u0103resc stoparea fenomenului de bullying, prin preven\u0163ie \u015fi combatere: <em>\u201e\u00cen unit\u0103\u0163ile de \u00eenv\u0103\u0163\u0103m\u00e2nt \u015fi \u00een toate spa\u0163iile destinate educa\u0163iei \u015fi form\u0103rii profesionale sunt interzise comportamentele care constau \u00een violen\u0163a psihologic\u0103 &#8211; bullying\u201d<\/em>.<\/p>\n<p style=\"text-align: justify;\">Completarea adus\u0103 Legii Educa\u0163iei define\u015fte clar fenomenul de h\u0103r\u0163uire: <em>\u201eViolen\u0163a psihologic\u0103-bullying este ac\u0163iunea sau seria de ac\u0163iuni fizice, verbale, rela\u0163ionale \u015fi\/sau cibernetice, \u00eentr-un context social dificil de evitat, s\u0103v\u00e2r\u015fite cu inten\u0163ie, care implic\u0103 un dezechilibru de putere, au drept consecin\u0163\u0103 atingerea demnit\u0103\u0163ii ori crearea unei atmosfere de intimidare, ostile, degradante, umilitoare sau ofensatoare, \u00eendreptate \u00eempotriva unei persoane sau unui grup de persoane \u015fi vizeaz\u0103 aspecte de discriminare \u015fi excludere social\u0103, pe care pot fi legate de apartenen\u0163a la o anumit\u0103 ras\u0103, na\u0163ionalitate, etnie, religie, categorie social\u0103, sau la o categorie defavorizat\u0103 ori de convingerile, sexul sau orientarea sexual\u0103, caracteristicile personale, ac\u0163iune sau serie de ac\u0163iuni, comportamente ce se desf\u0103\u015foar\u0103 \u00een unit\u0103\u0163ile de \u00eenv\u0103\u0163\u0103m\u00e2nt \u015fi \u00een toate spa\u0163iile destinate educa\u0163iei \u015fi form\u0103rii profesionale\u201d<\/em>, se arat\u0103 \u00een lege.<\/p>\n<p style=\"text-align: justify;\">Pe l\u00e2ng\u0103 alte m\u0103suri, actul normativ prevede o obliga\u021bie ce vizeaz\u0103 toate\u00a0<strong>cadrele didactice<\/strong>\u00a0ce activeaz\u0103 \u00een \u00eenv\u0103\u021b\u0103m\u00e2ntul din \u021bara noastr\u0103. Astfel, potrivit documentului, educatorii \u0219i profesorii vor trebui s\u0103 participe, \u00een cadrul programelor de formare continu\u0103 a personalului didactic, la\u00a0<strong>sesiuni de informare \u0219i cursuri de perfec\u021bionare<\/strong>\u00a0<em>\u201casupra problemelor legate de\u00a0<span style=\"text-decoration: underline;\">violen\u021ba psihologic\u0103 \u2013 bullying<\/span>, \u00een vederea dob\u00e2ndirii de competen\u021be \u00een identificarea acestora \u0219i a capacit\u0103\u021bii de aplicare a unor strategii educa\u021bionale potrivite\u201d<\/em>.<\/p>\n<p style=\"text-align: justify;\">Dup\u0103 cum este definit\u0103 \u00een actul normativ, violen\u021ba psihologic\u0103 sau bullying-ul reprezint\u0103 ac\u021biunea singular\u0103 sau seria de ac\u021biuni fizice, verbale \u0219i\/sau cibernetice \u00eendreptate \u00eempotriva unei persoane sau unui grup, ce au ca scop\u00a0<strong>intimidarea, umilirea sau ofensarea<\/strong>\u00a0persoanei sau grupului.<\/p>\n<p style=\"text-align: justify;\">Ac\u021biunile de bullying vizeaz\u0103\u00a0<strong>discriminarea \u0219i excluderea social\u0103<\/strong>\u00a0a unor persoane, ac\u021biuni ce pot fi legate de apartenen\u021ba la o anumit\u0103 ras\u0103, na\u021bionalitate, etnie, religie sau de sexul \u0219i orientarea sexual\u0103, caracteristici personale sau anumite comportamente, potrivit noii legi.<\/p>\n<p style=\"text-align: justify;\">Documentul stabile\u0219te \u0219i c\u0103 \u00een unit\u0103\u021bile de \u00eenv\u0103\u021b\u0103m\u00e2nt \u0219i \u00een toate spa\u021biile destinate educa\u021biei sau form\u0103rii profesionale vor fi\u00a0<strong>interzise orice fel de ac\u021biuni de violen\u021b\u0103 psihologic\u0103<\/strong>.<\/p>\n<p style=\"text-align: justify;\">Intrarea \u00een vigoare a acestei legi are loc \u00een trei zile de la publicare, adic\u0103 vineri, \u00eens\u0103 preg\u0103tirea cadrelor didactie pentru prevenirea fenomenului de bullying e o chestiune ce se va pune \u00een aplicare mai t\u00e2rziu. Mai exact, Ministerului Educa\u021biei trebuie s\u0103 elaboreze, \u00een trei luni de acum \u00eenainte, un ordin care s\u0103 pun\u0103 \u00een aplicare noutatea adus\u0103 de Legea nr. 221\/2019.<\/p>\n<p style=\"text-align: justify;\">Pe l\u00e2ng\u0103 m\u0103surile legate de bullying, acela\u0219i act normativ stabile\u0219te \u0219i\u00a0<a href=\"https:\/\/www.avocatnet.ro\/articol_49947\/Elevii-din-Romania-vor-petrece-mai-pu%C8%9Bin-timp-la-%C8%99coal%C4%83-M%C4%83sura-promulgat%C4%83-de-pre%C8%99edintele-%C8%9B%C4%83rii.html\" target=\"_blank\"><strong>reducerea timpului pe care elevii din \u021bara noastr\u0103 \u00eel petrec la \u0219coal\u0103<\/strong><\/a>. Concret, \u00eencep\u00e2nd cu anul \u0219colar 2020-2021, num\u0103rul de ore petrecute s\u0103pt\u0103m\u00e2nal la \u0219coal\u0103 de c\u0103tre\u00a0<strong>elevii din \u00eenv\u0103\u021b\u0103m\u00e2ntul primar<\/strong>\u00a0va fi limitat la\u00a0<strong>20 de ore<\/strong>, num\u0103rul de ore pentru cei ce \u00eenva\u021b\u0103 \u00een\u00a0<strong>ciclul gimnazial<\/strong>\u00a0nu va fi mai mare de\u00a0<strong>25 de ore<\/strong>\u00a0pe s\u0103pt\u0103m\u00e2n\u0103, \u00een timp ce\u00a0<strong>liceenii<\/strong>\u00a0vor petrece la \u0219coal\u0103 cel mult\u00a0<strong>30 de ore<\/strong>\u00a0pe s\u0103pt\u0103m\u00e2n\u0103.<\/p>\n<p>Rom\u00e2nia este pe locul trei \u00een Europa \u00een ceea ce prive\u015fte bullying-ul, potrivit unui raport al Organiza\u0163iei Mondiale a S\u0103n\u0103t\u0103\u0163ii.<\/p>\n","protected":false},"excerpt":{"rendered":"<p>Legea nr. 221\/2019, ap\u0103rut\u0103<\/p>\n","protected":false},"author":1,"featured_media":0,"comment_status":"open","ping_status":"open","sticky":false,"template":"","format":"standard","meta":{"footnotes":""},"categories":[6],"tags":[],"class_list":["post-64508","post","type-post","status-publish","format-standard","hentry","category-breaking-news"],"_links":{"self":[{"href":"https:\/\/www.giurgiuveanul.ro\/stiri\/wp-json\/wp\/v2\/posts\/64508","targetHints":{"allow":["GET"]}}],"collection":[{"href":"https:\/\/www.giurgiuveanul.ro\/stiri\/wp-json\/wp\/v2\/posts"}],"about":[{"href":"https:\/\/www.giurgiuveanul.ro\/stiri\/wp-json\/wp\/v2\/types\/post"}],"author":[{"embeddable":true,"href":"https:\/\/www.giurgiuveanul.ro\/stiri\/wp-json\/wp\/v2\/users\/1"}],"replies":[{"embeddable":true,"href":"https:\/\/www.giurgiuveanul.ro\/stiri\/wp-json\/wp\/v2\/comments?post=64508"}],"version-history":[{"count":0,"href":"https:\/\/www.giurgiuveanul.ro\/stiri\/wp-json\/wp\/v2\/posts\/64508\/revisions"}],"wp:attachment":[{"href":"https:\/\/www.giurgiuveanul.ro\/stiri\/wp-json\/wp\/v2\/media?parent=64508"}],"wp:term":[{"taxonomy":"category","embeddable":true,"href":"https:\/\/www.giurgiuveanul.ro\/stiri\/wp-json\/wp\/v2\/categories?post=64508"},{"taxonomy":"post_tag","embeddable":true,"href":"https:\/\/www.giurgiuveanul.ro\/stiri\/wp-json\/wp\/v2\/tags?post=64508"}],"curies":[{"name":"wp","href":"https:\/\/api.w.org\/{rel}","templated":true}]}}