{"id":64515,"date":"2019-11-21T20:27:14","date_gmt":"2019-11-21T18:27:14","guid":{"rendered":"https:\/\/www.giurgiuveanul.ro\/stiri\/?p=64515"},"modified":"2019-11-21T20:27:14","modified_gmt":"2019-11-21T18:27:14","slug":"baiat-si-fata-de-13-si-respectiv-17-ani-cercetati-pentru-furt-calificat","status":"publish","type":"post","link":"https:\/\/www.giurgiuveanul.ro\/stiri\/baiat-si-fata-de-13-si-respectiv-17-ani-cercetati-pentru-furt-calificat\/","title":{"rendered":"Un b\u0103iat \u015fi o fat\u0103, de 13 \u015fi respectiv 17 ani, cerceta\u0163i pentru furt calificat!"},"content":{"rendered":"<p style=\"text-align: justify;\"><strong><a href=\"https:\/\/www.giurgiuveanul.ro\/stiri\/wp-content\/uploads\/2019\/11\/thumbnail_image1-7-650x435.jpg\"><img loading=\"lazy\" decoding=\"async\" class=\"aligncenter size-large wp-image-64516\" src=\"https:\/\/www.giurgiuveanul.ro\/stiri\/wp-content\/uploads\/2019\/11\/thumbnail_image1-7-650x435-560x375.jpg\" alt=\"thumbnail_image1-7-650x435\" width=\"560\" height=\"375\" srcset=\"https:\/\/www.giurgiuveanul.ro\/stiri\/wp-content\/uploads\/2019\/11\/thumbnail_image1-7-650x435-560x375.jpg 560w, https:\/\/www.giurgiuveanul.ro\/stiri\/wp-content\/uploads\/2019\/11\/thumbnail_image1-7-650x435-250x167.jpg 250w, https:\/\/www.giurgiuveanul.ro\/stiri\/wp-content\/uploads\/2019\/11\/thumbnail_image1-7-650x435-400x268.jpg 400w, https:\/\/www.giurgiuveanul.ro\/stiri\/wp-content\/uploads\/2019\/11\/thumbnail_image1-7-650x435.jpg 650w\" sizes=\"auto, (max-width: 560px) 100vw, 560px\" \/><\/a>Doi adolescen\u0163i, de 13 \u0219i 17 ani, ambii din<!--more--> comuna Ghimpa\u021bi, sunt cerceta\u021bi de poli\u021bi\u0219tii giurgiuveni, dup\u0103 ar fi p\u0103truns \u00eentr-o cas\u0103 de vacan\u021b\u0103, de unde ar fi sustras mai multe bunuri \u00een valoare de aproximativ 5.000 de lei.<\/strong><\/p>\n<p style=\"text-align: justify;\">\u00cen ziua de 12 noiembrie a.c., poli\u021bi\u0219tii Sec\u021biei nr. 4 de Poli\u021biei Rural\u0103 Ghimpa\u021bi au fost sesiza\u021bi de un b\u0103rbat, de 32 de ani, din comuna T\u0103t\u0103r\u0103\u0219ti de Jos, jude\u021bul Teleorman, cu privire faptul c\u0103, \u00een perioada 01.07.2019 \u2013 11.11.2019, persoane necunoscute au p\u0103truns, prin efrac\u021bie \u00een locuin\u021ba sa de vacan\u021b\u0103, pe care o de\u021bine \u00een comuna Ghimpa\u021bi, de unde au sustras mai multe bunuri, cre\u00e2ndu-i un prejudiciu de 5.000 lei.<\/p>\n<p style=\"text-align: justify;\">Cu aceast\u0103 ocazie, poli\u021bi\u0219tii s-au deplasat la fa\u021ba locului, iar \u00een urma verific\u0103rilor efectuate s-a constatat c\u0103 \u00een perioada 01.07.2019 \u2013 11.11.2019, persoane necunoscute au p\u0103truns, prin efrac\u021bie \u00een locuin\u021ba b\u0103rbatului, situat\u0103 \u00een comuna Ghimpa\u021bi, de unde au sustras mai multe bunuri <em>(mobil\u0103, aer condi\u021bionat, o chiuveta \u0219i o u\u0219\u0103 de soba)<\/em>, cre\u00e2ndu-i un prejudiciu estimat la 5.000 lei.<\/p>\n<p style=\"text-align: justify;\">\u00cen urma investiga\u021biilor au fost identificate persoanele ca fiind un b\u0103iat, de 13 ani, \u0219i o fat\u0103, de 17 ani, ambii din comuna Ghimpa\u021bi, bunurile \u00een cauz\u0103\u00a0au fost ridicate, urm\u00e2nd a fi predate proprietarului.<\/p>\n<p style=\"text-align: justify;\">Se efectueaz\u0103 cercet\u0103ri sub aspectul s\u0103v\u00e2r\u0219irii infrac\u021biunii de furt calificat.<\/p>\n","protected":false},"excerpt":{"rendered":"<p>Doi adolescen\u0163i, de 13 \u0219i 17 ani, ambii din<\/p>\n","protected":false},"author":1,"featured_media":0,"comment_status":"open","ping_status":"open","sticky":false,"template":"","format":"standard","meta":{"footnotes":""},"categories":[6],"tags":[],"class_list":["post-64515","post","type-post","status-publish","format-standard","hentry","category-breaking-news"],"_links":{"self":[{"href":"https:\/\/www.giurgiuveanul.ro\/stiri\/wp-json\/wp\/v2\/posts\/64515","targetHints":{"allow":["GET"]}}],"collection":[{"href":"https:\/\/www.giurgiuveanul.ro\/stiri\/wp-json\/wp\/v2\/posts"}],"about":[{"href":"https:\/\/www.giurgiuveanul.ro\/stiri\/wp-json\/wp\/v2\/types\/post"}],"author":[{"embeddable":true,"href":"https:\/\/www.giurgiuveanul.ro\/stiri\/wp-json\/wp\/v2\/users\/1"}],"replies":[{"embeddable":true,"href":"https:\/\/www.giurgiuveanul.ro\/stiri\/wp-json\/wp\/v2\/comments?post=64515"}],"version-history":[{"count":0,"href":"https:\/\/www.giurgiuveanul.ro\/stiri\/wp-json\/wp\/v2\/posts\/64515\/revisions"}],"wp:attachment":[{"href":"https:\/\/www.giurgiuveanul.ro\/stiri\/wp-json\/wp\/v2\/media?parent=64515"}],"wp:term":[{"taxonomy":"category","embeddable":true,"href":"https:\/\/www.giurgiuveanul.ro\/stiri\/wp-json\/wp\/v2\/categories?post=64515"},{"taxonomy":"post_tag","embeddable":true,"href":"https:\/\/www.giurgiuveanul.ro\/stiri\/wp-json\/wp\/v2\/tags?post=64515"}],"curies":[{"name":"wp","href":"https:\/\/api.w.org\/{rel}","templated":true}]}}