{"id":64528,"date":"2019-11-22T10:16:54","date_gmt":"2019-11-22T08:16:54","guid":{"rendered":"https:\/\/www.giurgiuveanul.ro\/stiri\/?p=64528"},"modified":"2019-11-22T10:16:54","modified_gmt":"2019-11-22T08:16:54","slug":"rezistenta-la-antibiotice-problema-majora-de-sanatate-publica","status":"publish","type":"post","link":"https:\/\/www.giurgiuveanul.ro\/stiri\/rezistenta-la-antibiotice-problema-majora-de-sanatate-publica\/","title":{"rendered":"Rezisten\u021ba la antibiotice, o problem\u0103 major\u0103 de s\u0103n\u0103tate public\u0103"},"content":{"rendered":"<p style=\"text-align: justify;\"><strong><a href=\"https:\/\/www.giurgiuveanul.ro\/stiri\/wp-content\/uploads\/2019\/11\/Speakeri-Saptamana-Antibiotic.jpg\"><img loading=\"lazy\" decoding=\"async\" class=\"aligncenter size-large wp-image-64529\" src=\"https:\/\/www.giurgiuveanul.ro\/stiri\/wp-content\/uploads\/2019\/11\/Speakeri-Saptamana-Antibiotic-560x372.jpg\" alt=\"Speakeri Saptamana Antibiotic\" width=\"560\" height=\"372\" srcset=\"https:\/\/www.giurgiuveanul.ro\/stiri\/wp-content\/uploads\/2019\/11\/Speakeri-Saptamana-Antibiotic-560x372.jpg 560w, https:\/\/www.giurgiuveanul.ro\/stiri\/wp-content\/uploads\/2019\/11\/Speakeri-Saptamana-Antibiotic-250x166.jpg 250w, https:\/\/www.giurgiuveanul.ro\/stiri\/wp-content\/uploads\/2019\/11\/Speakeri-Saptamana-Antibiotic-400x266.jpg 400w, https:\/\/www.giurgiuveanul.ro\/stiri\/wp-content\/uploads\/2019\/11\/Speakeri-Saptamana-Antibiotic.jpg 800w\" sizes=\"auto, (max-width: 560px) 100vw, 560px\" \/><\/a>Rom\u00e2nia r\u0103m\u00e2ne pe<!--more--> primele locuri \u00een Uniunea European\u0103 \u00een ceea ce prive\u0219te consumul total de antibiotice \u0219i consumul de antibiotice f\u0103r\u0103 prescriptive<\/strong><\/p>\n<p style=\"text-align: justify;\"><em>\u00cen cadrul unei conferin\u021be\u00a0 <\/em><em>organizate de Societatea Rom\u00e2n\u0103 de Microbiologie, cu sprijinul Organiza\u021biei Mondiale a S\u0103n\u0103t\u0103\u021bii, dedicat\u0103 rezisten\u021bei la antibiotice &#8211; o problem\u0103 major\u0103 de s\u0103n\u0103tate public\u0103 &#8211; <\/em><em>au fost prezentate datele, pentru anul 2018, privind consumul de antibiotice, rezisten\u021ba bacteriilor implicate \u00een producerea infec\u021biilor invazive \u0219i infec\u021biile asociate asisten\u021bei medicale din Rom\u00e2nia. Informa\u021biile au fost prezentate de c\u0103tre <\/em><strong><em>Prof. Dr. Alexandru Rafila <\/em><\/strong><em>\u2013 Pre\u0219edinte Societatea Rom\u00e2n\u0103 de Microbiologie, <strong>Dr<\/strong>. <strong>Karin Waefler<\/strong> \u2013 Biroul Regional OMS pentru Europa, <strong>Prof. Dr. Gabriel Popescu <\/strong>&#8211; Institutul Na\u021bional de Boli Infec\u021bioase \u201eProf. Dr. Matei Bal\u0219\u201d, <\/em><strong><em>Dr. Roxana \u0218erban <\/em><\/strong><em>\u2013 Institutul Na\u021bional de S\u0103n\u0103tate Public\u0103. <\/em><strong><em>Teodor Blidaru<\/em><\/strong><em>, Pre\u0219edintele Federa\u021biei Asocia\u021biilor Studen\u021bilor \u00een Medicin\u0103 din Rom\u00e2nia, a prezentat ini\u021biativa global\u0103 \u201dInnovate 4MR\u201d \u0219i preocup\u0103rile studen\u021bilor la medicin\u0103 privind implicarea in combaterea rezisten\u021bei la antimicrobiene. <\/em><\/p>\n<p style=\"text-align: justify;\"><em>Evenimentul a marcat <\/em><strong><em>S\u0103pt\u0103m\u00e2na Mondial\u0103 a Con\u0219tientiz\u0103rii asupra Antibioticelor<\/em><\/strong><em> (18-24 noiembrie 2019) \u0219i a subliniat nevoia <\/em><em>utiliz\u0103rii corecte a antibioticelor datorit\u0103 riscurilor pentru s\u0103n\u0103tatea public\u0103 a excesului sau folosirii incorecte a acestora.<\/em><\/p>\n<p style=\"text-align: justify;\">Rom\u00e2nia se men\u021bine pe un loc frunta\u0219 \u00een ceea ce prive\u0219te consumul de antibiotice, ocup\u00e2nd locul al 5-lea, cu o u\u0219oara cre\u0219tere de 3% a consumului. \u00cen ceea ce prive\u0219te propor\u021bia antibioticelor ob\u021binute f\u0103r\u0103 prescrip\u021bie medical\u0103 (15%), Rom\u00e2nia se men\u021bine pe locul al 2-lea. Este \u00eengrijor\u0103toare sc\u0103derea propor\u021biei adul\u021bilor care s-au informat referitor la utilizarea corect\u0103 a antibioticelor, doar 14% fa\u021b\u0103 de 33% media UE.<\/p>\n<p style=\"text-align: justify;\">De asemenea sunt \u00een continuare probleme privind structura consumului de antibiotice, deoarece anumite clase de antibiotice (fluorochinolone, cefalosporine, carbapeneme) care favorizeaz\u0103 emergen\u021ba multirezisten\u021bei bacteriilor \u0219i a \u00a0infec\u021biilor cu Clostridioides difficile sunt utilizate in exces.<\/p>\n<p style=\"text-align: justify;\">\u00cen ceea ce prive\u0219te rezisten\u021ba bacteriilor implicate \u00een producerea infec\u021biilor invazive \u0219i care sunt raportate anual c\u0103tre ECDC, se constat\u0103 \u00een general reduceri nesemnificative ale nivelurilor de rezisten\u021b\u0103 sau u\u0219oare cre\u0219teri, ceea ce nu modific\u0103 situa\u021bia din anul precedent. Bacterii \u00a0implicate adesea \u00een producerea infec\u021biilor asociate asisten\u021bei medicale (Klebsiella pneumoniae, Acinetobacter baumanii, Pseudomonas aeruginosa), r\u0103m\u00e2n cu nivele foarte ridicate de rezisten\u021b\u0103 ceea ce ne plaseaz\u0103 \u00een continuare pe primele locuri din UE, al\u0103turi de alte \u021b\u0103ri din sudul continentului, \u00een care se remarc\u0103 de asemenea consumuri mari de antibiotice (Grecia, Italia, Cipru). Evolu\u021bia favorabil\u0103 de sc\u0103dere a nivelurilor de rezisten\u021b\u0103 se \u00eenregistreaz\u0103 \u00een schimb la Escherichia coli si Staphylococcus aureus rezistent la meticilina (MRSA), care sunt adesea implica\u021bi \u00een producerea infec\u021biilor comunitare.<\/p>\n<p style=\"text-align: justify;\">\u201d<em>Cre\u0219terea nivelului de rezisten\u021b\u0103 a bacteriilor la antibiotice este \u00een mod clar legat de utilizarea excesiv\u0103 sau incorect\u0103 a acestui tip de medicamente. Avem datoria s\u0103 \u00eembun\u0103t\u0103\u021bim preg\u0103tirea profesioni\u0219tilor din sistemul medical \u0219i s\u0103 educ\u0103m publicul larg privind utilizarea prudent\u0103 a antibioticelor. Rom\u00e2nia a avut \u00een ultimii ani o tendin\u021b\u0103 favorabil\u0103 de reducere a consumului de antibiotice, dar care acum s-a estompat. Este timpul pentru adoptarea Planului Na\u021bional de Ac\u021biune \u00een domeniul rezisten\u021bei la antimicrobiene \u0219i implementarea lui rapid\u0103 pentru ca efectele favorabile asupra s\u0103n\u0103t\u0103\u021bii publice s\u0103 fie eviden\u021biate prin reducerea consumului \u0219i a rezisten\u021bei la antibiotice<\/em>\u201d, a declarat Prof. Dr. Alexandru Rafila &#8211; Pre\u0219edintele Societ\u0103\u021bii Rom\u00e2ne de Microbiologie.<\/p>\n<p style=\"text-align: justify;\"><strong>S\u0103pt\u0103m\u00e2na Mondial\u0103 a Con\u0219tientiz\u0103rii asupra Antibioticelor<\/strong><\/p>\n<p style=\"text-align: justify;\">\u00cen perioada 18-24 noiembrie 2019 este marcat\u0103 <em>S\u0103pt\u0103m\u00e2na Mondial\u0103 a Con\u0219tientiz\u0103rii asupra Antibioticelor<\/em>, o ac\u021biune desf\u0103\u0219urat\u0103 la ini\u021biativa Organiza\u021biei Mondiale a S\u0103n\u0103t\u0103\u021bii. Mesajul OMS pentru 2019 se refer\u0103 la abordarea \u201dOne Health\u201d care integreaz\u0103 programele \u0219i activit\u0103\u021bile din domeniul s\u0103n\u0103t\u0103\u021bii umane, veterinare \u0219i de mediu care s\u0103 reduc\u0103 \u0219i s\u0103 previn\u0103 r\u0103sp\u00e2ndirea rezisten\u021bei la antibiotice \u0219i care afecteaz\u0103 activit\u0103\u021bile umane la nivel global.<\/p>\n<p style=\"text-align: justify;\">\u201d<em>Organiza\u021bia Mondial\u0103 a S\u0103n\u0103t\u0103\u021bii (OMS) prin Biroul Regional pentru Europa felicit\u0103 Rom\u00e2nia pentru efortul pe care \u00eel desf\u0103\u0219oar\u0103 \u00een lupta \u00eempotriva rezisten\u021b\u0103 la antibiotice \u0219i pentru concentrarea pe abordarea OMS \u2013 One Health. Cu toate acestea, mai sunt \u00eenc\u0103 multe lucruri de f\u0103cut \u00een ceea ce prive\u0219te, de exemplu, supravegherea sau prevenirea \u0219i controlul infec\u021biilor<\/em>\u201d, a declarat <strong>Dr<\/strong>. <strong>Karin Waefler<\/strong> \u2013 Biroul Regional OMS pentru Europa.<\/p>\n<p style=\"text-align: justify;\"><strong>Principalele mesaje ale OMS sunt:<\/strong><\/p>\n<ul>\n<li style=\"text-align: justify;\"><em>Ce \u00eenseamn\u0103 conceptul One Health? C\u00e2nd medicii din sectorul uman \u0219i cel veterinar lucreaz\u0103 \u00eempreun\u0103 pentru a opri utilizarea incorect\u0103 a antibioticelor la oameni, la animale \u0219i r\u0103sp\u00e2ndirea lor \u00een mediu, precum \u0219i pentru limitarea r\u0103sp\u00e2ndirii bacteriilor multirezistente.<\/em><\/li>\n<li style=\"text-align: justify;\"><em>Unele antibiotice utilizate la tratarea infec\u021biilor la animale sunt acelea\u0219i folosite \u0219i pentru oameni.<\/em><\/li>\n<li style=\"text-align: justify;\"><em>60% din bolile umane sunt produse de microorganisme prezente \u0219i la animale.<\/em><\/li>\n<li style=\"text-align: justify;\"><em>S\u0103n\u0103tatea uman\u0103, animal\u0103 \u0219i a mediului \u00eenseamn\u0103 s\u0103n\u0103tate pentru to\u021bi.<\/em><\/li>\n<li style=\"text-align: justify;\"><em>Dac\u0103 ai o r\u0103ceal\u0103 sau grip\u0103, stai izolat acas\u0103, trateaz\u0103-te \u0219i odihne\u0219te-te!<\/em><\/li>\n<li style=\"text-align: justify;\"><em>Antibioticele nu au niciun efect \u00een cazul infec\u021biilor virale cum sunt r\u0103celile banale sau cum este gripa.<\/em><\/li>\n<li style=\"text-align: justify;\"><em>\u00centreab\u0103 medicul t\u0103u de familie c\u00e2nd vrei s\u0103 folose\u0219ti antibiotice!<\/em><\/li>\n<\/ul>\n","protected":false},"excerpt":{"rendered":"<p>Rom\u00e2nia r\u0103m\u00e2ne pe<\/p>\n","protected":false},"author":1,"featured_media":0,"comment_status":"open","ping_status":"open","sticky":false,"template":"","format":"standard","meta":{"footnotes":""},"categories":[6],"tags":[],"class_list":["post-64528","post","type-post","status-publish","format-standard","hentry","category-breaking-news"],"_links":{"self":[{"href":"https:\/\/www.giurgiuveanul.ro\/stiri\/wp-json\/wp\/v2\/posts\/64528","targetHints":{"allow":["GET"]}}],"collection":[{"href":"https:\/\/www.giurgiuveanul.ro\/stiri\/wp-json\/wp\/v2\/posts"}],"about":[{"href":"https:\/\/www.giurgiuveanul.ro\/stiri\/wp-json\/wp\/v2\/types\/post"}],"author":[{"embeddable":true,"href":"https:\/\/www.giurgiuveanul.ro\/stiri\/wp-json\/wp\/v2\/users\/1"}],"replies":[{"embeddable":true,"href":"https:\/\/www.giurgiuveanul.ro\/stiri\/wp-json\/wp\/v2\/comments?post=64528"}],"version-history":[{"count":0,"href":"https:\/\/www.giurgiuveanul.ro\/stiri\/wp-json\/wp\/v2\/posts\/64528\/revisions"}],"wp:attachment":[{"href":"https:\/\/www.giurgiuveanul.ro\/stiri\/wp-json\/wp\/v2\/media?parent=64528"}],"wp:term":[{"taxonomy":"category","embeddable":true,"href":"https:\/\/www.giurgiuveanul.ro\/stiri\/wp-json\/wp\/v2\/categories?post=64528"},{"taxonomy":"post_tag","embeddable":true,"href":"https:\/\/www.giurgiuveanul.ro\/stiri\/wp-json\/wp\/v2\/tags?post=64528"}],"curies":[{"name":"wp","href":"https:\/\/api.w.org\/{rel}","templated":true}]}}