{"id":64531,"date":"2019-11-22T15:29:00","date_gmt":"2019-11-22T13:29:00","guid":{"rendered":"https:\/\/www.giurgiuveanul.ro\/stiri\/?p=64531"},"modified":"2019-11-22T15:29:00","modified_gmt":"2019-11-22T13:29:00","slug":"tanar-giurgiuvean-prins-la-volan-influenta-drogurilor","status":"publish","type":"post","link":"https:\/\/www.giurgiuveanul.ro\/stiri\/tanar-giurgiuvean-prins-la-volan-influenta-drogurilor\/","title":{"rendered":"T\u00e2n\u0103r giurgiuvean prins la volan sub influen\u0163a drogurilor"},"content":{"rendered":"<p style=\"text-align: justify;\"><strong><a href=\"https:\/\/www.giurgiuveanul.ro\/stiri\/wp-content\/uploads\/2019\/11\/tanar-drogat.jpg\"><img loading=\"lazy\" decoding=\"async\" class=\"aligncenter size-large wp-image-64532\" src=\"https:\/\/www.giurgiuveanul.ro\/stiri\/wp-content\/uploads\/2019\/11\/tanar-drogat-560x342.jpg\" alt=\"tanar-drogat\" width=\"560\" height=\"342\" srcset=\"https:\/\/www.giurgiuveanul.ro\/stiri\/wp-content\/uploads\/2019\/11\/tanar-drogat-560x342.jpg 560w, https:\/\/www.giurgiuveanul.ro\/stiri\/wp-content\/uploads\/2019\/11\/tanar-drogat-250x153.jpg 250w, https:\/\/www.giurgiuveanul.ro\/stiri\/wp-content\/uploads\/2019\/11\/tanar-drogat-400x244.jpg 400w, https:\/\/www.giurgiuveanul.ro\/stiri\/wp-content\/uploads\/2019\/11\/tanar-drogat.jpg 900w\" sizes=\"auto, (max-width: 560px) 100vw, 560px\" \/><\/a>Un t\u00e2n\u0103r, de<!--more--> 26 de ani, este cercetat de poli\u021bi\u0219tii giurgiuveni, dup\u0103 ce a fost depistat conduc\u00e2nd un autoturism pe drumurile publice, afl\u00e2ndu-se sub influen\u021ba substan\u021belor psihoactive.<\/strong><\/p>\n<p style=\"text-align: justify;\">Joi, 21 noiembrie a.c., ora 21.00, poli\u021bi\u0219tii din cadrul Poli\u021biei ora\u0219 Bolintin-Vale au depistat pe strada Palanca, din ora\u0219ul Bolintin-Vale, un t\u00e2n\u0103r, de 26 de ani, din ora\u0219ul Bolintin Vale, \u00een timp ce conducea un autoturism, afl\u00e2ndu-se sub influen\u021ba substan\u021belor psihoactive.<\/p>\n<p style=\"text-align: justify;\">Conduc\u0103torul autoturismului a fost testat cu aparatul Drager DrugTest, rezultatul fiind pozitiv, \u0219i a fost condus la Spitalul Or\u0103\u0219enesc Bolintin-Val, unde i-a fost recoltat\u0103 o prob\u0103 de s\u00e2nge \u0219i o prob\u0103 de urin\u0103 \u00een vederea stabilirii prezen\u021bei \u00een corp a substan\u021belor psihoactive.<\/p>\n<p style=\"text-align: justify;\">S-a \u00eentocmit dosar penal pentru s\u0103v\u00e2r\u0219irea infrac\u021biunii de conducere a unui vehicul sub influen\u021ba substan\u021belor psihoactive.<\/p>\n","protected":false},"excerpt":{"rendered":"<p>Un t\u00e2n\u0103r, de<\/p>\n","protected":false},"author":1,"featured_media":0,"comment_status":"open","ping_status":"open","sticky":false,"template":"","format":"standard","meta":{"footnotes":""},"categories":[6],"tags":[],"class_list":["post-64531","post","type-post","status-publish","format-standard","hentry","category-breaking-news"],"_links":{"self":[{"href":"https:\/\/www.giurgiuveanul.ro\/stiri\/wp-json\/wp\/v2\/posts\/64531","targetHints":{"allow":["GET"]}}],"collection":[{"href":"https:\/\/www.giurgiuveanul.ro\/stiri\/wp-json\/wp\/v2\/posts"}],"about":[{"href":"https:\/\/www.giurgiuveanul.ro\/stiri\/wp-json\/wp\/v2\/types\/post"}],"author":[{"embeddable":true,"href":"https:\/\/www.giurgiuveanul.ro\/stiri\/wp-json\/wp\/v2\/users\/1"}],"replies":[{"embeddable":true,"href":"https:\/\/www.giurgiuveanul.ro\/stiri\/wp-json\/wp\/v2\/comments?post=64531"}],"version-history":[{"count":0,"href":"https:\/\/www.giurgiuveanul.ro\/stiri\/wp-json\/wp\/v2\/posts\/64531\/revisions"}],"wp:attachment":[{"href":"https:\/\/www.giurgiuveanul.ro\/stiri\/wp-json\/wp\/v2\/media?parent=64531"}],"wp:term":[{"taxonomy":"category","embeddable":true,"href":"https:\/\/www.giurgiuveanul.ro\/stiri\/wp-json\/wp\/v2\/categories?post=64531"},{"taxonomy":"post_tag","embeddable":true,"href":"https:\/\/www.giurgiuveanul.ro\/stiri\/wp-json\/wp\/v2\/tags?post=64531"}],"curies":[{"name":"wp","href":"https:\/\/api.w.org\/{rel}","templated":true}]}}