{"id":64555,"date":"2019-11-22T18:49:40","date_gmt":"2019-11-22T16:49:40","guid":{"rendered":"https:\/\/www.giurgiuveanul.ro\/stiri\/?p=64555"},"modified":"2019-11-22T18:59:47","modified_gmt":"2019-11-22T16:59:47","slug":"presedintele-alde-giurgiu-deputatul-toma-petcu-duminica-alde-giurgiu-il-va-sustine-pe-candidatul-pnl-klaus-iohannis","status":"publish","type":"post","link":"https:\/\/www.giurgiuveanul.ro\/stiri\/presedintele-alde-giurgiu-deputatul-toma-petcu-duminica-alde-giurgiu-il-va-sustine-pe-candidatul-pnl-klaus-iohannis\/","title":{"rendered":"Pre\u015fedintele ALDE Giurgiu, deputatul Toma Petcu: &#8222;Duminic\u0103, ALDE Giurgiu \u00eel va sus\u021bine pe candidatul PNL, Klaus Iohannis!&#8221;"},"content":{"rendered":"<p style=\"text-align: justify;\"><a href=\"https:\/\/www.giurgiuveanul.ro\/stiri\/wp-content\/uploads\/2019\/11\/78269645_1016879405310714_7367136172805455872_n.jpg\"><img loading=\"lazy\" decoding=\"async\" class=\"aligncenter size-large wp-image-64556\" src=\"https:\/\/www.giurgiuveanul.ro\/stiri\/wp-content\/uploads\/2019\/11\/78269645_1016879405310714_7367136172805455872_n-560x420.jpg\" alt=\"78269645_1016879405310714_7367136172805455872_n\" width=\"560\" height=\"420\" srcset=\"https:\/\/www.giurgiuveanul.ro\/stiri\/wp-content\/uploads\/2019\/11\/78269645_1016879405310714_7367136172805455872_n-560x420.jpg 560w, https:\/\/www.giurgiuveanul.ro\/stiri\/wp-content\/uploads\/2019\/11\/78269645_1016879405310714_7367136172805455872_n-250x188.jpg 250w, https:\/\/www.giurgiuveanul.ro\/stiri\/wp-content\/uploads\/2019\/11\/78269645_1016879405310714_7367136172805455872_n-400x300.jpg 400w, https:\/\/www.giurgiuveanul.ro\/stiri\/wp-content\/uploads\/2019\/11\/78269645_1016879405310714_7367136172805455872_n.jpg 960w\" sizes=\"auto, (max-width: 560px) 100vw, 560px\" \/><\/a>&#8222;Ieri, 21 noiembrie, am<!--more--> avut \u00eent\u00e2lnire cu to\u021bi colegii din Biroul Politic Teritorial, iar punctul cel mai important de pe ordinea de zi a fost legat de Alegerile Preziden\u021biale. Nu este un secret pentru nimeni fapt ca sunt un om de dreapta, iar de fiecare dat\u0103 c\u00e2nd nu au existat alian\u021be politice, votul meu s-a \u00eendreptat c\u0103tre candidatul dreptei. Acest subiect l-am analizat \u00eempreun\u0103 cu membrii biroului \u0219i, bine\u00een\u021beles, am supus la vot, iar rezultatul a fost cel la care m\u0103 a\u0219tept<span class=\"text_exposed_show\">am. <\/span><\/p>\n<p style=\"text-align: justify;\"><strong><span class=\"text_exposed_show\">Duminic\u0103, ALDE Giurgiu \u00eel va sus\u021bine pe candidatul PNL, Klaus Iohannis!<\/span><\/strong><\/p>\n<p style=\"text-align: justify;\"><a href=\"https:\/\/www.giurgiuveanul.ro\/stiri\/wp-content\/uploads\/2019\/11\/75247420_1016879445310710_4974446992131358720_n.jpg\"><img loading=\"lazy\" decoding=\"async\" class=\"aligncenter size-large wp-image-64557\" src=\"https:\/\/www.giurgiuveanul.ro\/stiri\/wp-content\/uploads\/2019\/11\/75247420_1016879445310710_4974446992131358720_n-560x334.jpg\" alt=\"75247420_1016879445310710_4974446992131358720_n\" width=\"560\" height=\"334\" srcset=\"https:\/\/www.giurgiuveanul.ro\/stiri\/wp-content\/uploads\/2019\/11\/75247420_1016879445310710_4974446992131358720_n-560x334.jpg 560w, https:\/\/www.giurgiuveanul.ro\/stiri\/wp-content\/uploads\/2019\/11\/75247420_1016879445310710_4974446992131358720_n-250x149.jpg 250w, https:\/\/www.giurgiuveanul.ro\/stiri\/wp-content\/uploads\/2019\/11\/75247420_1016879445310710_4974446992131358720_n-400x239.jpg 400w, https:\/\/www.giurgiuveanul.ro\/stiri\/wp-content\/uploads\/2019\/11\/75247420_1016879445310710_4974446992131358720_n.jpg 884w\" sizes=\"auto, (max-width: 560px) 100vw, 560px\" \/><\/a><\/p>\n<div class=\"text_exposed_show\">\n<p style=\"text-align: justify;\">Motivele sunt lesne de \u00een\u021beles. De\u0219i \u00eenc\u0103 de la \u00eenfiin\u021barea ALDE, \u00een 2015, pre\u0219edintele Iohannis a pus piedici de fiecare dat\u0103 c\u00e2nd a avut ocazia pentru a destabiliza partidul, r\u0103ul f\u0103cut de acesta nu se compar\u0103 cu cel f\u0103cut de Viorica Vasilica D\u0103ncil\u0103 \u00een numai 5 luni. \u0218i vreau s\u0103 subliniez acest lucru. Dezinformarea opiniei publice cu privire la ruperea coali\u021bie PSD &#8211; ALDE, asumarea unor merite care nu \u00eei apar\u021bin, duplicitatea dumneaei \u0219i \u00eenvinov\u0103\u021birea noastr\u0103 de tot ceea ce nu a reu\u0219it s\u0103 fac\u0103 reprezint\u0103 cele mai clare dovezi c\u0103 locul doamnei D\u0103ncil\u0103 nu este sigur acolo unde sper\u0103 s\u0103 ajung\u0103 cu at\u00e2ta \u00eend\u00e2rjire.<\/p>\n<p style=\"text-align: justify;\">De asemenea, pe aceasta cale, doresc s\u0103 \u00eendemn giurgiuvenii s\u0103 ias\u0103 la vot. Duminic\u0103, fiecare vot conteaz\u0103!&#8221;<\/p>\n<p style=\"text-align: center;\"><strong>Deputat Toma Petcu,<\/strong><\/p>\n<p style=\"text-align: center;\">Pre\u015fedintele ALDE Giurgiu<\/p>\n<\/div>\n","protected":false},"excerpt":{"rendered":"<p>&#8222;Ieri, 21 noiembrie, am<\/p>\n","protected":false},"author":1,"featured_media":0,"comment_status":"open","ping_status":"open","sticky":false,"template":"","format":"standard","meta":{"footnotes":""},"categories":[6],"tags":[],"class_list":["post-64555","post","type-post","status-publish","format-standard","hentry","category-breaking-news"],"_links":{"self":[{"href":"https:\/\/www.giurgiuveanul.ro\/stiri\/wp-json\/wp\/v2\/posts\/64555","targetHints":{"allow":["GET"]}}],"collection":[{"href":"https:\/\/www.giurgiuveanul.ro\/stiri\/wp-json\/wp\/v2\/posts"}],"about":[{"href":"https:\/\/www.giurgiuveanul.ro\/stiri\/wp-json\/wp\/v2\/types\/post"}],"author":[{"embeddable":true,"href":"https:\/\/www.giurgiuveanul.ro\/stiri\/wp-json\/wp\/v2\/users\/1"}],"replies":[{"embeddable":true,"href":"https:\/\/www.giurgiuveanul.ro\/stiri\/wp-json\/wp\/v2\/comments?post=64555"}],"version-history":[{"count":0,"href":"https:\/\/www.giurgiuveanul.ro\/stiri\/wp-json\/wp\/v2\/posts\/64555\/revisions"}],"wp:attachment":[{"href":"https:\/\/www.giurgiuveanul.ro\/stiri\/wp-json\/wp\/v2\/media?parent=64555"}],"wp:term":[{"taxonomy":"category","embeddable":true,"href":"https:\/\/www.giurgiuveanul.ro\/stiri\/wp-json\/wp\/v2\/categories?post=64555"},{"taxonomy":"post_tag","embeddable":true,"href":"https:\/\/www.giurgiuveanul.ro\/stiri\/wp-json\/wp\/v2\/tags?post=64555"}],"curies":[{"name":"wp","href":"https:\/\/api.w.org\/{rel}","templated":true}]}}