{"id":65219,"date":"2019-12-13T16:54:33","date_gmt":"2019-12-13T14:54:33","guid":{"rendered":"https:\/\/www.giurgiuveanul.ro\/stiri\/?p=65219"},"modified":"2019-12-13T17:05:46","modified_gmt":"2019-12-13T15:05:46","slug":"conducator-auto-in-varsta-de-71-de-ani-prins-in-trafic-cu-alcoolemie-de-074-mgl-alcool-pur","status":"publish","type":"post","link":"https:\/\/www.giurgiuveanul.ro\/stiri\/conducator-auto-in-varsta-de-71-de-ani-prins-in-trafic-cu-alcoolemie-de-074-mgl-alcool-pur\/","title":{"rendered":"Conduc\u0103tor auto, \u00een v\u00e2rst\u0103 de 71 de ani, prins \u00een trafic cu o alcoolemie de 0,74 mg\/l alcool pur \u00een aerul expirat"},"content":{"rendered":"<p><a href=\"https:\/\/www.giurgiuveanul.ro\/stiri\/wp-content\/uploads\/2019\/12\/etilotest.jpg\"><img loading=\"lazy\" decoding=\"async\" class=\"aligncenter size-large wp-image-65220\" src=\"https:\/\/www.giurgiuveanul.ro\/stiri\/wp-content\/uploads\/2019\/12\/etilotest-560x342.jpg\" alt=\"etilotest\" width=\"560\" height=\"342\" srcset=\"https:\/\/www.giurgiuveanul.ro\/stiri\/wp-content\/uploads\/2019\/12\/etilotest-560x342.jpg 560w, https:\/\/www.giurgiuveanul.ro\/stiri\/wp-content\/uploads\/2019\/12\/etilotest-250x153.jpg 250w, https:\/\/www.giurgiuveanul.ro\/stiri\/wp-content\/uploads\/2019\/12\/etilotest-400x244.jpg 400w, https:\/\/www.giurgiuveanul.ro\/stiri\/wp-content\/uploads\/2019\/12\/etilotest.jpg 800w\" sizes=\"auto, (max-width: 560px) 100vw, 560px\" \/><\/a>Poli\u021bi\u0219tii giurgiuveni au depistat, \u00een trafic, un b\u0103rbat, de 71 de ani, din<!--more--> municipiul Bucure\u0219ti \u00een timp ce conducea un autoturism, av\u00e2nd o alcoolemie de 0,74mg\/l alcool pur \u00een aerul expirat.<\/p>\n<p><em>&#8222;B\u0103rbatul a fost condus la o unitate medical\u0103 unde i-au fost prelevate mostre biologice de s\u00e2nge \u00een vederea stabilirii alcoolemiei. \u00cen cauz\u0103 a fost \u00eentocmit un dosar penal pentru infrac\u0163iunea de conducere a unui vehicul sub influen\u0163a alcoolului\u201c<\/em>, a precizat <strong>Emanuela S\u00e2rbu<\/strong>, purt\u0103torul de cuv\u00e2nt al IPJ Giurgiu.<\/p>\n<p>&nbsp;<\/p>\n","protected":false},"excerpt":{"rendered":"<p>Poli\u021bi\u0219tii giurgiuveni au depistat, \u00een trafic, un b\u0103rbat, de 71 de ani, din<\/p>\n","protected":false},"author":1,"featured_media":0,"comment_status":"open","ping_status":"open","sticky":false,"template":"","format":"standard","meta":{"footnotes":""},"categories":[6],"tags":[],"class_list":["post-65219","post","type-post","status-publish","format-standard","hentry","category-breaking-news"],"_links":{"self":[{"href":"https:\/\/www.giurgiuveanul.ro\/stiri\/wp-json\/wp\/v2\/posts\/65219","targetHints":{"allow":["GET"]}}],"collection":[{"href":"https:\/\/www.giurgiuveanul.ro\/stiri\/wp-json\/wp\/v2\/posts"}],"about":[{"href":"https:\/\/www.giurgiuveanul.ro\/stiri\/wp-json\/wp\/v2\/types\/post"}],"author":[{"embeddable":true,"href":"https:\/\/www.giurgiuveanul.ro\/stiri\/wp-json\/wp\/v2\/users\/1"}],"replies":[{"embeddable":true,"href":"https:\/\/www.giurgiuveanul.ro\/stiri\/wp-json\/wp\/v2\/comments?post=65219"}],"version-history":[{"count":0,"href":"https:\/\/www.giurgiuveanul.ro\/stiri\/wp-json\/wp\/v2\/posts\/65219\/revisions"}],"wp:attachment":[{"href":"https:\/\/www.giurgiuveanul.ro\/stiri\/wp-json\/wp\/v2\/media?parent=65219"}],"wp:term":[{"taxonomy":"category","embeddable":true,"href":"https:\/\/www.giurgiuveanul.ro\/stiri\/wp-json\/wp\/v2\/categories?post=65219"},{"taxonomy":"post_tag","embeddable":true,"href":"https:\/\/www.giurgiuveanul.ro\/stiri\/wp-json\/wp\/v2\/tags?post=65219"}],"curies":[{"name":"wp","href":"https:\/\/api.w.org\/{rel}","templated":true}]}}