{"id":65242,"date":"2019-12-13T19:30:47","date_gmt":"2019-12-13T17:30:47","guid":{"rendered":"https:\/\/www.giurgiuveanul.ro\/stiri\/?p=65242"},"modified":"2019-12-13T19:30:47","modified_gmt":"2019-12-13T17:30:47","slug":"accident-rutier-soldat-cu-doua-victime-una-dintre-acestea-este-minora-insarcinata-foto","status":"publish","type":"post","link":"https:\/\/www.giurgiuveanul.ro\/stiri\/accident-rutier-soldat-cu-doua-victime-una-dintre-acestea-este-minora-insarcinata-foto\/","title":{"rendered":"ACCIDENT RUTIER soldat cu dou\u0103 victime! Una dintre acestea este o minor\u0103 \u00eens\u0103rcinat\u0103! (FOTO)"},"content":{"rendered":"<p style=\"text-align: justify;\"><strong><a href=\"https:\/\/www.giurgiuveanul.ro\/stiri\/wp-content\/uploads\/2019\/12\/79271411_805964629849667_1037954009006080000_n.jpg\"><img loading=\"lazy\" decoding=\"async\" class=\"aligncenter size-large wp-image-65243\" src=\"https:\/\/www.giurgiuveanul.ro\/stiri\/wp-content\/uploads\/2019\/12\/79271411_805964629849667_1037954009006080000_n-560x420.jpg\" alt=\"79271411_805964629849667_1037954009006080000_n\" width=\"560\" height=\"420\" srcset=\"https:\/\/www.giurgiuveanul.ro\/stiri\/wp-content\/uploads\/2019\/12\/79271411_805964629849667_1037954009006080000_n-560x420.jpg 560w, https:\/\/www.giurgiuveanul.ro\/stiri\/wp-content\/uploads\/2019\/12\/79271411_805964629849667_1037954009006080000_n-250x188.jpg 250w, https:\/\/www.giurgiuveanul.ro\/stiri\/wp-content\/uploads\/2019\/12\/79271411_805964629849667_1037954009006080000_n-400x300.jpg 400w, https:\/\/www.giurgiuveanul.ro\/stiri\/wp-content\/uploads\/2019\/12\/79271411_805964629849667_1037954009006080000_n.jpg 1600w\" sizes=\"auto, (max-width: 560px) 100vw, 560px\" \/><\/a>Potrivit ISU Giurgiu, \u00een urm\u0103 cu pu\u021bin timp, pompierii militari au<!--more--> fost solicita\u0163i s\u0103 intervin\u0103 la un accident rutier produs \u00een localitatea Bolintin Deal.<\/strong><\/p>\n<p style=\"text-align: justify;\">La fata locului s-au deplasat o autospecial\u0103 de stingere cu ap\u0103 \u0219i spum\u0103 \u0219i o ambulan\u021b\u0103 SMURD, din cadrul Deta\u0219amentului de Pompieri Bolintin Deal, al\u0103turi de o ambulan\u021b\u0103 de la SAJ.<\/p>\n<p style=\"text-align: justify;\">\u00cen accident\u00a0 au fost implicate dou\u0103 autovehicule, dintre care un microbuz care transporta legume.<\/p>\n<p style=\"text-align: justify;\">Dou\u0103 persoane au avut nevoie de \u00eengrijiri medicale (o minor\u0103, \u00eens\u0103rcinat\u0103\u00a0 \u0219i un b\u0103rbat de aproximativ 20 de ani).<\/p>\n<p style=\"text-align: justify;\">Ambele persoane au fost transportate la Spitalul Universitar din capital\u0103.<\/p>\n","protected":false},"excerpt":{"rendered":"<p>Potrivit ISU Giurgiu, \u00een urm\u0103 cu pu\u021bin timp, pompierii militari au<\/p>\n","protected":false},"author":1,"featured_media":0,"comment_status":"open","ping_status":"open","sticky":false,"template":"","format":"standard","meta":{"footnotes":""},"categories":[6],"tags":[],"class_list":["post-65242","post","type-post","status-publish","format-standard","hentry","category-breaking-news"],"_links":{"self":[{"href":"https:\/\/www.giurgiuveanul.ro\/stiri\/wp-json\/wp\/v2\/posts\/65242","targetHints":{"allow":["GET"]}}],"collection":[{"href":"https:\/\/www.giurgiuveanul.ro\/stiri\/wp-json\/wp\/v2\/posts"}],"about":[{"href":"https:\/\/www.giurgiuveanul.ro\/stiri\/wp-json\/wp\/v2\/types\/post"}],"author":[{"embeddable":true,"href":"https:\/\/www.giurgiuveanul.ro\/stiri\/wp-json\/wp\/v2\/users\/1"}],"replies":[{"embeddable":true,"href":"https:\/\/www.giurgiuveanul.ro\/stiri\/wp-json\/wp\/v2\/comments?post=65242"}],"version-history":[{"count":0,"href":"https:\/\/www.giurgiuveanul.ro\/stiri\/wp-json\/wp\/v2\/posts\/65242\/revisions"}],"wp:attachment":[{"href":"https:\/\/www.giurgiuveanul.ro\/stiri\/wp-json\/wp\/v2\/media?parent=65242"}],"wp:term":[{"taxonomy":"category","embeddable":true,"href":"https:\/\/www.giurgiuveanul.ro\/stiri\/wp-json\/wp\/v2\/categories?post=65242"},{"taxonomy":"post_tag","embeddable":true,"href":"https:\/\/www.giurgiuveanul.ro\/stiri\/wp-json\/wp\/v2\/tags?post=65242"}],"curies":[{"name":"wp","href":"https:\/\/api.w.org\/{rel}","templated":true}]}}