{"id":65249,"date":"2019-12-14T15:59:42","date_gmt":"2019-12-14T13:59:42","guid":{"rendered":"https:\/\/www.giurgiuveanul.ro\/stiri\/?p=65249"},"modified":"2019-12-14T15:59:42","modified_gmt":"2019-12-14T13:59:42","slug":"tanar-giurgiuvean-intrat-in-coliziune-cu-autoturism-si-parasit-locul-accidentului","status":"publish","type":"post","link":"https:\/\/www.giurgiuveanul.ro\/stiri\/tanar-giurgiuvean-intrat-in-coliziune-cu-autoturism-si-parasit-locul-accidentului\/","title":{"rendered":"Un t\u00e2n\u0103r giurgiuvean a intrat \u00een coliziune cu un autoturism \u0219i a p\u0103r\u0103sit locul accidentului"},"content":{"rendered":"<p style=\"text-align: justify;\"><strong><a href=\"https:\/\/www.giurgiuveanul.ro\/stiri\/wp-content\/uploads\/2019\/12\/accident-masini-politie-ambulanta-girofar.jpg\"><img loading=\"lazy\" decoding=\"async\" class=\"aligncenter size-large wp-image-65250\" src=\"https:\/\/www.giurgiuveanul.ro\/stiri\/wp-content\/uploads\/2019\/12\/accident-masini-politie-ambulanta-girofar-560x349.jpg\" alt=\"accident-masini-politie-ambulanta-girofar\" width=\"560\" height=\"349\" srcset=\"https:\/\/www.giurgiuveanul.ro\/stiri\/wp-content\/uploads\/2019\/12\/accident-masini-politie-ambulanta-girofar-560x349.jpg 560w, https:\/\/www.giurgiuveanul.ro\/stiri\/wp-content\/uploads\/2019\/12\/accident-masini-politie-ambulanta-girofar-250x156.jpg 250w, https:\/\/www.giurgiuveanul.ro\/stiri\/wp-content\/uploads\/2019\/12\/accident-masini-politie-ambulanta-girofar-400x250.jpg 400w, https:\/\/www.giurgiuveanul.ro\/stiri\/wp-content\/uploads\/2019\/12\/accident-masini-politie-ambulanta-girofar.jpg 800w\" sizes=\"auto, (max-width: 560px) 100vw, 560px\" \/><\/a>Poli\u021bi\u0219tii cerceteaz\u0103 un t\u00e2n\u0103r, de<!--more--> 22 de ani, care, \u00een urma unui eveniment rutier produs pe raza comunei Her\u0103\u0219ti, jude\u021bul Giurgiu, din care a rezultat o victim\u0103, a p\u0103r\u0103sit locul accidentului f\u0103r\u0103 \u00eencuviin\u021barea organelor de poli\u021bie.<\/strong><\/p>\n<p style=\"text-align: justify;\">Asear\u0103, la\u00a0ora 21.30, pe D.J. 401, pe raza comunei Her\u0103\u0219ti, jude\u021bul Giurgiu, un t\u00e2n\u0103r, de 22 de ani, din localitatea Her\u0103\u0219ti, \u00een\u00a0 timp ce conducea un autoturism, a efectuat manevra de dep\u0103\u0219ire a unor autoturisme care circulau \u00een fa\u021ba sa, intr\u00e2nd \u00een coliziune cu un autoturism, condus de c\u0103tre un b\u0103rbat, de 47 de ani, din comuna Prundu, care circula din sens opus.<\/p>\n<p style=\"text-align: justify;\">Dup\u0103 evenimentul rutier, t\u00e2n\u0103rul a p\u0103r\u0103sit locul accidentului, fiind identificat \u00een jurul orelor 23.30, la domiciliul s\u0103u, iar \u00een urma test\u0103rii cu aparatul etilotest Drager, a rezultat faptul c\u0103 acesta avea o alcoolemie de 0,26 mg\/l alcool pur in aer expirat.<\/p>\n<p style=\"text-align: justify;\">\u00cen urma evenimentului rutier a rezultat r\u0103nirea conduc\u0103torului auto, de 47 de ani, fiind transportat la o unitate spitaliceasc\u0103 din municipiul Bucure\u0219ti pentru acordarea de \u00eengrijiri medicale.<\/p>\n<p style=\"text-align: justify;\">Celor doi conduc\u0103tori auto le-au fost recoltate probe biologice de s\u00e2nge \u00een vederea stabilirii alcoolemiei.<\/p>\n<p style=\"text-align: justify;\">\u00cen cauz\u0103, s-a \u00eentocmit dosar penal \u00een care se efectueaz\u0103 cercet\u0103ri sub aspectul s\u0103v\u00e2r\u0219irii infrac\u021biunilor de v\u0103t\u0103mare corporal\u0103 din culp\u0103 \u0219i p\u0103r\u0103sirea locului accidentului f\u0103r\u0103 \u00eencuviin\u021barea organelor de poli\u021bie.<\/p>\n","protected":false},"excerpt":{"rendered":"<p>Poli\u021bi\u0219tii cerceteaz\u0103 un t\u00e2n\u0103r, de<\/p>\n","protected":false},"author":1,"featured_media":0,"comment_status":"open","ping_status":"open","sticky":false,"template":"","format":"standard","meta":{"footnotes":""},"categories":[6],"tags":[],"class_list":["post-65249","post","type-post","status-publish","format-standard","hentry","category-breaking-news"],"_links":{"self":[{"href":"https:\/\/www.giurgiuveanul.ro\/stiri\/wp-json\/wp\/v2\/posts\/65249","targetHints":{"allow":["GET"]}}],"collection":[{"href":"https:\/\/www.giurgiuveanul.ro\/stiri\/wp-json\/wp\/v2\/posts"}],"about":[{"href":"https:\/\/www.giurgiuveanul.ro\/stiri\/wp-json\/wp\/v2\/types\/post"}],"author":[{"embeddable":true,"href":"https:\/\/www.giurgiuveanul.ro\/stiri\/wp-json\/wp\/v2\/users\/1"}],"replies":[{"embeddable":true,"href":"https:\/\/www.giurgiuveanul.ro\/stiri\/wp-json\/wp\/v2\/comments?post=65249"}],"version-history":[{"count":0,"href":"https:\/\/www.giurgiuveanul.ro\/stiri\/wp-json\/wp\/v2\/posts\/65249\/revisions"}],"wp:attachment":[{"href":"https:\/\/www.giurgiuveanul.ro\/stiri\/wp-json\/wp\/v2\/media?parent=65249"}],"wp:term":[{"taxonomy":"category","embeddable":true,"href":"https:\/\/www.giurgiuveanul.ro\/stiri\/wp-json\/wp\/v2\/categories?post=65249"},{"taxonomy":"post_tag","embeddable":true,"href":"https:\/\/www.giurgiuveanul.ro\/stiri\/wp-json\/wp\/v2\/tags?post=65249"}],"curies":[{"name":"wp","href":"https:\/\/api.w.org\/{rel}","templated":true}]}}