{"id":65252,"date":"2019-12-14T16:35:10","date_gmt":"2019-12-14T14:35:10","guid":{"rendered":"https:\/\/www.giurgiuveanul.ro\/stiri\/?p=65252"},"modified":"2019-12-14T16:50:51","modified_gmt":"2019-12-14T14:50:51","slug":"autocar-cu-pelerini-implicat-intr-un-eveniment-rutier-foto","status":"publish","type":"post","link":"https:\/\/www.giurgiuveanul.ro\/stiri\/autocar-cu-pelerini-implicat-intr-un-eveniment-rutier-foto\/","title":{"rendered":"Pelerinaj&#8230; cu peripe\u0163ii! Autocar cu credincio\u015fi, implicat \u00eentr-un eveniment rutier! (FOTO)"},"content":{"rendered":"<p style=\"text-align: justify;\"><a href=\"https:\/\/www.giurgiuveanul.ro\/stiri\/wp-content\/uploads\/2019\/12\/79756902_431568391066783_7966688026501840896_n.jpg\"><img loading=\"lazy\" decoding=\"async\" class=\"aligncenter size-large wp-image-65253\" src=\"https:\/\/www.giurgiuveanul.ro\/stiri\/wp-content\/uploads\/2019\/12\/79756902_431568391066783_7966688026501840896_n-560x282.jpg\" alt=\"79756902_431568391066783_7966688026501840896_n\" width=\"560\" height=\"282\" srcset=\"https:\/\/www.giurgiuveanul.ro\/stiri\/wp-content\/uploads\/2019\/12\/79756902_431568391066783_7966688026501840896_n-560x282.jpg 560w, https:\/\/www.giurgiuveanul.ro\/stiri\/wp-content\/uploads\/2019\/12\/79756902_431568391066783_7966688026501840896_n-250x126.jpg 250w, https:\/\/www.giurgiuveanul.ro\/stiri\/wp-content\/uploads\/2019\/12\/79756902_431568391066783_7966688026501840896_n-400x201.jpg 400w, https:\/\/www.giurgiuveanul.ro\/stiri\/wp-content\/uploads\/2019\/12\/79756902_431568391066783_7966688026501840896_n.jpg 900w\" sizes=\"auto, (max-width: 560px) 100vw, 560px\" \/><\/a>Un autocar apar\u0163in\u00e2nd <strong>\u201eBasilica\u201d<\/strong> a fost implicat ast\u0103zi, la ora 13:15, \u00eentr-un<!--more--> eveniment rutier, \u00een jude\u0163ul Giurgiu, \u00eentre localit\u0103\u0163ile Slobozia \u015fi Malu, la <em>&#8222;pu\u0163ul lui Petre&#8221;<\/em>.<\/p>\n<p style=\"text-align: justify;\"><a href=\"https:\/\/www.giurgiuveanul.ro\/stiri\/wp-content\/uploads\/2019\/12\/80249606_561318101376595_1082927504915693568_n.jpg\"><img loading=\"lazy\" decoding=\"async\" class=\"aligncenter size-large wp-image-65254\" src=\"https:\/\/www.giurgiuveanul.ro\/stiri\/wp-content\/uploads\/2019\/12\/80249606_561318101376595_1082927504915693568_n-560x411.jpg\" alt=\"80249606_561318101376595_1082927504915693568_n\" width=\"560\" height=\"411\" srcset=\"https:\/\/www.giurgiuveanul.ro\/stiri\/wp-content\/uploads\/2019\/12\/80249606_561318101376595_1082927504915693568_n-560x411.jpg 560w, https:\/\/www.giurgiuveanul.ro\/stiri\/wp-content\/uploads\/2019\/12\/80249606_561318101376595_1082927504915693568_n-250x183.jpg 250w, https:\/\/www.giurgiuveanul.ro\/stiri\/wp-content\/uploads\/2019\/12\/80249606_561318101376595_1082927504915693568_n-400x293.jpg 400w, https:\/\/www.giurgiuveanul.ro\/stiri\/wp-content\/uploads\/2019\/12\/80249606_561318101376595_1082927504915693568_n.jpg 900w\" sizes=\"auto, (max-width: 560px) 100vw, 560px\" \/><\/a><\/p>\n<p style=\"text-align: justify;\">Autocarul, plin cu pelerini, a derapat \u015fi a r\u0103mas suspendat \u00eentr-un \u015fan\u0163.<\/p>\n<p style=\"text-align: justify;\">Edilul \u015fef al localit\u0103\u0163ii Slobozia, <strong>Florin Gheonu<\/strong>,\u00a0a s\u0103rit \u00een spirijinul pelerinilor \u015fi a trimis un utilaj care a repus autocarul pe drum.<\/p>\n<p style=\"text-align: justify;\"><em>\u201eDin fericire, credincio\u015fii nu au p\u0103\u0163it absolut nimic \u015fi \u015fi-au continuat drumul\u201d<\/em>, a declarat, pentru<em> \u201eGiurgiuveanul\u201d<\/em>, <strong>Emanuela S\u00e2rbu<\/strong>, <em>purt\u0103torul de cuv\u00e2nt al IPJ Giurgiu<\/em>.<\/p>\n<p style=\"text-align: justify;\"><strong><em>N.R. Mul\u0163umim \u015fi pe aceast\u0103 cale cititoarei noastre pentru fotografiile trimise pe adresa redac\u0163iei.<\/em><\/strong><\/p>\n","protected":false},"excerpt":{"rendered":"<p>Un autocar apar\u0163in\u00e2nd \u201eBasilica\u201d a fost implicat ast\u0103zi, la ora 13:15, \u00eentr-un<\/p>\n","protected":false},"author":1,"featured_media":0,"comment_status":"open","ping_status":"open","sticky":false,"template":"","format":"standard","meta":{"footnotes":""},"categories":[6],"tags":[],"class_list":["post-65252","post","type-post","status-publish","format-standard","hentry","category-breaking-news"],"_links":{"self":[{"href":"https:\/\/www.giurgiuveanul.ro\/stiri\/wp-json\/wp\/v2\/posts\/65252","targetHints":{"allow":["GET"]}}],"collection":[{"href":"https:\/\/www.giurgiuveanul.ro\/stiri\/wp-json\/wp\/v2\/posts"}],"about":[{"href":"https:\/\/www.giurgiuveanul.ro\/stiri\/wp-json\/wp\/v2\/types\/post"}],"author":[{"embeddable":true,"href":"https:\/\/www.giurgiuveanul.ro\/stiri\/wp-json\/wp\/v2\/users\/1"}],"replies":[{"embeddable":true,"href":"https:\/\/www.giurgiuveanul.ro\/stiri\/wp-json\/wp\/v2\/comments?post=65252"}],"version-history":[{"count":0,"href":"https:\/\/www.giurgiuveanul.ro\/stiri\/wp-json\/wp\/v2\/posts\/65252\/revisions"}],"wp:attachment":[{"href":"https:\/\/www.giurgiuveanul.ro\/stiri\/wp-json\/wp\/v2\/media?parent=65252"}],"wp:term":[{"taxonomy":"category","embeddable":true,"href":"https:\/\/www.giurgiuveanul.ro\/stiri\/wp-json\/wp\/v2\/categories?post=65252"},{"taxonomy":"post_tag","embeddable":true,"href":"https:\/\/www.giurgiuveanul.ro\/stiri\/wp-json\/wp\/v2\/tags?post=65252"}],"curies":[{"name":"wp","href":"https:\/\/api.w.org\/{rel}","templated":true}]}}