{"id":65295,"date":"2019-12-16T19:31:28","date_gmt":"2019-12-16T17:31:28","guid":{"rendered":"https:\/\/www.giurgiuveanul.ro\/stiri\/?p=65295"},"modified":"2019-12-16T19:31:28","modified_gmt":"2019-12-16T17:31:28","slug":"programul-magazinelor-kaufland-de-craciun-si-de-anul-nou","status":"publish","type":"post","link":"https:\/\/www.giurgiuveanul.ro\/stiri\/programul-magazinelor-kaufland-de-craciun-si-de-anul-nou\/","title":{"rendered":"Programul magazinelor Kaufland de Cr\u0103ciun \u0219i de Anul Nou"},"content":{"rendered":"<p style=\"text-align: justify;\"><strong><a href=\"https:\/\/www.giurgiuveanul.ro\/stiri\/wp-content\/uploads\/2019\/12\/Kaufland_magazin.jpg\"><img loading=\"lazy\" decoding=\"async\" class=\"aligncenter size-large wp-image-65296\" src=\"https:\/\/www.giurgiuveanul.ro\/stiri\/wp-content\/uploads\/2019\/12\/Kaufland_magazin-560x374.jpg\" alt=\"Kaufland_magazin\" width=\"560\" height=\"374\" srcset=\"https:\/\/www.giurgiuveanul.ro\/stiri\/wp-content\/uploads\/2019\/12\/Kaufland_magazin-560x374.jpg 560w, https:\/\/www.giurgiuveanul.ro\/stiri\/wp-content\/uploads\/2019\/12\/Kaufland_magazin-250x167.jpg 250w, https:\/\/www.giurgiuveanul.ro\/stiri\/wp-content\/uploads\/2019\/12\/Kaufland_magazin-400x267.jpg 400w\" sizes=\"auto, (max-width: 560px) 100vw, 560px\" \/><\/a>Cu prilejul S\u0103rb\u0103torilor de iarn\u0103, magazinele Kaufland<!--more--> vor avea un program de func\u021bionare special, astfel:<\/strong><\/p>\n<ul style=\"text-align: justify;\">\n<li><strong>Programul se va prelungi \u00een magazinele din toat\u0103 \u021bara<\/strong> <strong>\u00eencep\u00e2nd de mar\u021bi, 17.12.2019<\/strong>, \u0219i p\u00e2n\u0103 luni, <strong>23.12.2019, \u00eenainte de Cr\u0103ciun, respectiv \u00eenainte de Anul Nou, \u00een perioada <\/strong><strong>27.12.2019 &#8211; 30.12<\/strong><strong>.2019<\/strong>. Ora deschiderii va varia \u00een func\u021bie de magazin \u00een intervalul orar 7:00-7:30, iar ora \u00eenchiderii va varia de asemenea \u00een intervalul orar <strong>22:00 &#8211; 23:30<\/strong>, cu posibilitate de prelungire.<\/li>\n<li>Mar\u021bi, 24.12.2019, \u00een Ajunul Cr\u0103ciunului, magazinele se deschid la aceea\u0219i or\u0103, \u00een intervalul 7.00 \u2013 7.30, dar se vor \u00eenchide mai devreme, \u00een intervalul 17.00 \u2013 18.00.<\/li>\n<li><strong>Miercuri, 25.12.2019, \u0219i miercuri, 01.01.2020, toate magazinele Kaufland vor fi \u00eenchise.<\/strong><\/li>\n<li><strong>\u00cen a doua zi de Cr\u0103ciun, joi, 26.12.2019<\/strong>, \u0219i<strong> \u00een a doua zi a Anului Nou, joi, 02.01.2020<\/strong>, majoritatea magazinelor vor avea program scurt: se vor deschide la ora 9.00, iar ora \u00eenchiderii va varia \u00een intervalul 15:00 \u2013 16:00, cu excep\u021bia magazinelor din Gherla, Reghin care vor fi \u00eenchise \u00een ambele zile, respectiv cel din Or\u0103\u0219tie, care va fi \u00eenchis doar pe 26.12 \u0219i cel din F\u0103lticeni doar pe 02.01.2019.<\/li>\n<\/ul>\n<p style=\"text-align: justify;\"><strong>Pentru informa\u021bii c\u00e2t mai precise referitoare la programul de s\u0103rb\u0103tori al fiec\u0103ruia dintre magazinele Kaufland, clien\u021bii sunt ruga\u021bi s\u0103 acceseze link-ul <\/strong>kaufland.ro\/program-special<\/p>\n<p style=\"text-align: justify;\">Programul se poate prelungi spontan.<\/p>\n<p style=\"text-align: justify;\"><strong>Programul Grill-ului Kaufland<\/strong> va varia \u00een func\u021bie de magazin, <strong>av\u00e2nd \u00een perioada 17.12 \u2013 23.12 ora deschiderii \u00eentre 9.00 \u0219i 10.00<\/strong>, iar cea a \u00eenchiderii \u00eentre 20.00 \u0219i 21.30, programul urm\u00e2nd s\u0103 se scurteze pe 23.12 \u0219i 30.12, c\u00e2nd ora \u00eenchiderii va varia \u00eentre 17.00 \u2013 19.00.<\/p>\n<p style=\"text-align: justify;\">Toate Grill-urile Kaufland vor fi \u00eenchise \u00een intervalul 24-26.12.2019, precum \u0219i \u00een intervalul 01-02.01.2020. Majoritatea loca\u021biilor vor fi \u00eenchise \u00een Ajunul Anului Nou, pe 31.12.2019, iar celelalte vor func\u021biona cu program scurt, 9.00 \u2013 15.30.<\/p>\n<p>&nbsp;<\/p>\n<p>&nbsp;<\/p>\n<p>&nbsp;<\/p>\n<p>&nbsp;<\/p>\n<p>&nbsp;<\/p>\n<p>&nbsp;<\/p>\n<p>###<\/p>\n<p><strong>Despre Kaufland Rom\u00e2nia <\/strong><\/p>\n<p>Kaufland se num\u0103r\u0103 printre cele mai mari companii de retail din Europa, cu 1.300 de magazine, 132.000 de angaja\u021bi \u00een 8 \u021b\u0103ri \u0219i o re\u021bea de 127 de magazine \u00een Rom\u00e2nia. \u00cen 2019, Kaufland Rom\u00e2nia a primit pentru a treia oar\u0103 certificarea Best Buy Award, care atest\u0103 c\u0103 este lan\u021bul de magazine cu cel mai bun raport calitate \u2013 pre\u021b de pe pia\u021ba local\u0103. Kaufland de\u021bine \u0219i distinc\u021bia Customers\u2019 Friend pentru compania cu cele mai bune servicii pentru clien\u021bi, acordat\u0103 de Institutul interna\u021bional ICERTIAS, \u00een urma unei analize de pia\u021b\u0103. Strategia noastr\u0103 are ca scop \u00eendeplinirea dorin\u0163elor clien\u021bilor cu accent pe garan\u0163iile \u015fi serviciile noastre, varietate, un nivel ridicat de calitate \u015fi, bine\u00een\u0163eles, pre\u0163uri atractive. Pentru mai multe informa\u0163ii, vizita\u0163i www.kaufland.ro.<\/p>\n","protected":false},"excerpt":{"rendered":"<p>Cu prilejul S\u0103rb\u0103torilor de iarn\u0103, magazinele Kaufland<\/p>\n","protected":false},"author":1,"featured_media":0,"comment_status":"open","ping_status":"open","sticky":false,"template":"","format":"standard","meta":{"footnotes":""},"categories":[6],"tags":[],"class_list":["post-65295","post","type-post","status-publish","format-standard","hentry","category-breaking-news"],"_links":{"self":[{"href":"https:\/\/www.giurgiuveanul.ro\/stiri\/wp-json\/wp\/v2\/posts\/65295","targetHints":{"allow":["GET"]}}],"collection":[{"href":"https:\/\/www.giurgiuveanul.ro\/stiri\/wp-json\/wp\/v2\/posts"}],"about":[{"href":"https:\/\/www.giurgiuveanul.ro\/stiri\/wp-json\/wp\/v2\/types\/post"}],"author":[{"embeddable":true,"href":"https:\/\/www.giurgiuveanul.ro\/stiri\/wp-json\/wp\/v2\/users\/1"}],"replies":[{"embeddable":true,"href":"https:\/\/www.giurgiuveanul.ro\/stiri\/wp-json\/wp\/v2\/comments?post=65295"}],"version-history":[{"count":0,"href":"https:\/\/www.giurgiuveanul.ro\/stiri\/wp-json\/wp\/v2\/posts\/65295\/revisions"}],"wp:attachment":[{"href":"https:\/\/www.giurgiuveanul.ro\/stiri\/wp-json\/wp\/v2\/media?parent=65295"}],"wp:term":[{"taxonomy":"category","embeddable":true,"href":"https:\/\/www.giurgiuveanul.ro\/stiri\/wp-json\/wp\/v2\/categories?post=65295"},{"taxonomy":"post_tag","embeddable":true,"href":"https:\/\/www.giurgiuveanul.ro\/stiri\/wp-json\/wp\/v2\/tags?post=65295"}],"curies":[{"name":"wp","href":"https:\/\/api.w.org\/{rel}","templated":true}]}}