{"id":65309,"date":"2019-12-17T15:48:11","date_gmt":"2019-12-17T13:48:11","guid":{"rendered":"https:\/\/www.giurgiuveanul.ro\/stiri\/?p=65309"},"modified":"2019-12-17T15:51:28","modified_gmt":"2019-12-17T13:51:28","slug":"primii-colindatori-la-inspectoratul-de-politie-judetean-giurgiu-foto","status":"publish","type":"post","link":"https:\/\/www.giurgiuveanul.ro\/stiri\/primii-colindatori-la-inspectoratul-de-politie-judetean-giurgiu-foto\/","title":{"rendered":"PRIMII COLIND\u0102TORI&#8230; la Inspectoratul de Poli\u021bie Jude\u021bean Giurgiu (FOTO)"},"content":{"rendered":"<p><strong><a href=\"https:\/\/www.giurgiuveanul.ro\/stiri\/wp-content\/uploads\/2019\/12\/79817366_1219020351631328_6202766819418177536_o.jpg\"><img loading=\"lazy\" decoding=\"async\" class=\"aligncenter size-large wp-image-65314\" src=\"https:\/\/www.giurgiuveanul.ro\/stiri\/wp-content\/uploads\/2019\/12\/79817366_1219020351631328_6202766819418177536_o-560x373.jpg\" alt=\"79817366_1219020351631328_6202766819418177536_o\" width=\"560\" height=\"373\" srcset=\"https:\/\/www.giurgiuveanul.ro\/stiri\/wp-content\/uploads\/2019\/12\/79817366_1219020351631328_6202766819418177536_o-560x373.jpg 560w, https:\/\/www.giurgiuveanul.ro\/stiri\/wp-content\/uploads\/2019\/12\/79817366_1219020351631328_6202766819418177536_o-250x167.jpg 250w, https:\/\/www.giurgiuveanul.ro\/stiri\/wp-content\/uploads\/2019\/12\/79817366_1219020351631328_6202766819418177536_o-400x267.jpg 400w, https:\/\/www.giurgiuveanul.ro\/stiri\/wp-content\/uploads\/2019\/12\/79817366_1219020351631328_6202766819418177536_o.jpg 960w\" sizes=\"auto, (max-width: 560px) 100vw, 560px\" \/><\/a>Potrivit<!--more--> tradi\u0163iei, \u00een preajma s\u0103rb\u0103torilor de iarn\u0103, Inspectoratul de Poli\u021bie Jude\u021bean Giurgiu \u00ee\u0219i deschide por\u021bile pentru a fi gazda mai multor grupuri de colind\u0103tori.<\/strong><\/p>\n<p>Ast\u0103zi, la Inspectoratul de Poli\u021bie Jude\u021bean Giurgiu au r\u0103sunat glasurile primilor colind\u0103tori, care au sus\u021binut un recital de colinde tradi\u021bionale rom\u00e2ne\u0219ti.<\/p>\n<p><a href=\"https:\/\/www.giurgiuveanul.ro\/stiri\/wp-content\/uploads\/2019\/12\/79754202_1219020358297994_9067255236980113408_o.jpg\"><img loading=\"lazy\" decoding=\"async\" class=\"aligncenter size-large wp-image-65319\" src=\"https:\/\/www.giurgiuveanul.ro\/stiri\/wp-content\/uploads\/2019\/12\/79754202_1219020358297994_9067255236980113408_o-560x373.jpg\" alt=\"79754202_1219020358297994_9067255236980113408_o\" width=\"560\" height=\"373\" srcset=\"https:\/\/www.giurgiuveanul.ro\/stiri\/wp-content\/uploads\/2019\/12\/79754202_1219020358297994_9067255236980113408_o-560x373.jpg 560w, https:\/\/www.giurgiuveanul.ro\/stiri\/wp-content\/uploads\/2019\/12\/79754202_1219020358297994_9067255236980113408_o-250x167.jpg 250w, https:\/\/www.giurgiuveanul.ro\/stiri\/wp-content\/uploads\/2019\/12\/79754202_1219020358297994_9067255236980113408_o-400x267.jpg 400w, https:\/\/www.giurgiuveanul.ro\/stiri\/wp-content\/uploads\/2019\/12\/79754202_1219020358297994_9067255236980113408_o.jpg 1944w\" sizes=\"auto, (max-width: 560px) 100vw, 560px\" \/><\/a><\/p>\n<p><a href=\"https:\/\/www.giurgiuveanul.ro\/stiri\/wp-content\/uploads\/2019\/12\/80070660_1219020348297995_7656993873410916352_o.jpg\"><img loading=\"lazy\" decoding=\"async\" class=\"aligncenter size-large wp-image-65320\" src=\"https:\/\/www.giurgiuveanul.ro\/stiri\/wp-content\/uploads\/2019\/12\/80070660_1219020348297995_7656993873410916352_o-560x373.jpg\" alt=\"80070660_1219020348297995_7656993873410916352_o\" width=\"560\" height=\"373\" srcset=\"https:\/\/www.giurgiuveanul.ro\/stiri\/wp-content\/uploads\/2019\/12\/80070660_1219020348297995_7656993873410916352_o-560x373.jpg 560w, https:\/\/www.giurgiuveanul.ro\/stiri\/wp-content\/uploads\/2019\/12\/80070660_1219020348297995_7656993873410916352_o-250x167.jpg 250w, https:\/\/www.giurgiuveanul.ro\/stiri\/wp-content\/uploads\/2019\/12\/80070660_1219020348297995_7656993873410916352_o-400x267.jpg 400w, https:\/\/www.giurgiuveanul.ro\/stiri\/wp-content\/uploads\/2019\/12\/80070660_1219020348297995_7656993873410916352_o.jpg 1944w\" sizes=\"auto, (max-width: 560px) 100vw, 560px\" \/><\/a><\/p>\n<p>Poli\u021bi\u0219tii din cadrul I.P.J. Giurgiu au ascultat frumoasele colinde interpretate de colind\u0103torii care, pe calea c\u00e2ntecului, le-au transmis c\u0103ldura sufleteasc\u0103 \u0219i magia care \u00eenconjoar\u0103 aceast\u0103 perioad\u0103 a s\u0103rb\u0103torilor de iarn\u0103.<\/p>\n<p>Pentru a le r\u0103spl\u0103ti str\u0103dania, poli\u021bi\u0219tii le-au oferit fiec\u0103ruia c\u00e2te un cadou, al\u0103turi de mult\u0103 iubire \u0219i c\u0103ldur\u0103 sufleteasc\u0103.<\/p>\n<p>Le dorim s\u0103 aib\u0103 parte de S\u0103rb\u0103tori Fericite \u0219i lini\u0219te al\u0103turi de cei dragi sufletelor lor, asigur\u00e2ndu-i totodat\u0103 c\u0103 \u0219i \u00een acest an vor fi la datorie pe tot parcursul s\u0103rb\u0103torilor de iarn\u0103, pentru lini\u0219tea \u0219i siguran\u021ba comunit\u0103\u021bii, se arat\u0103 \u00een comunicatul IPJ Giurgiu.<\/p>\n","protected":false},"excerpt":{"rendered":"<p>Potrivit<\/p>\n","protected":false},"author":1,"featured_media":0,"comment_status":"open","ping_status":"open","sticky":false,"template":"","format":"standard","meta":{"footnotes":""},"categories":[6],"tags":[],"class_list":["post-65309","post","type-post","status-publish","format-standard","hentry","category-breaking-news"],"_links":{"self":[{"href":"https:\/\/www.giurgiuveanul.ro\/stiri\/wp-json\/wp\/v2\/posts\/65309","targetHints":{"allow":["GET"]}}],"collection":[{"href":"https:\/\/www.giurgiuveanul.ro\/stiri\/wp-json\/wp\/v2\/posts"}],"about":[{"href":"https:\/\/www.giurgiuveanul.ro\/stiri\/wp-json\/wp\/v2\/types\/post"}],"author":[{"embeddable":true,"href":"https:\/\/www.giurgiuveanul.ro\/stiri\/wp-json\/wp\/v2\/users\/1"}],"replies":[{"embeddable":true,"href":"https:\/\/www.giurgiuveanul.ro\/stiri\/wp-json\/wp\/v2\/comments?post=65309"}],"version-history":[{"count":0,"href":"https:\/\/www.giurgiuveanul.ro\/stiri\/wp-json\/wp\/v2\/posts\/65309\/revisions"}],"wp:attachment":[{"href":"https:\/\/www.giurgiuveanul.ro\/stiri\/wp-json\/wp\/v2\/media?parent=65309"}],"wp:term":[{"taxonomy":"category","embeddable":true,"href":"https:\/\/www.giurgiuveanul.ro\/stiri\/wp-json\/wp\/v2\/categories?post=65309"},{"taxonomy":"post_tag","embeddable":true,"href":"https:\/\/www.giurgiuveanul.ro\/stiri\/wp-json\/wp\/v2\/tags?post=65309"}],"curies":[{"name":"wp","href":"https:\/\/api.w.org\/{rel}","templated":true}]}}