{"id":65348,"date":"2019-12-18T09:43:34","date_gmt":"2019-12-18T07:43:34","guid":{"rendered":"https:\/\/www.giurgiuveanul.ro\/stiri\/?p=65348"},"modified":"2019-12-18T09:58:10","modified_gmt":"2019-12-18T07:58:10","slug":"modificarile-la-oug-114-pensionarii-angajati-la-stat-vor-trebui-sa-aleaga-in-termen-de-15-zile","status":"publish","type":"post","link":"https:\/\/www.giurgiuveanul.ro\/stiri\/modificarile-la-oug-114-pensionarii-angajati-la-stat-vor-trebui-sa-aleaga-in-termen-de-15-zile\/","title":{"rendered":"Modific\u0103rile la OUG 114: Pensionarii angaja\u021bi la stat trebuie s\u0103 aleag\u0103&#8230; \u00een termen de 15 zile!"},"content":{"rendered":"<p style=\"text-align: justify;\"><strong><a href=\"https:\/\/www.giurgiuveanul.ro\/stiri\/wp-content\/uploads\/2019\/12\/Calcul-pensie-cand-iesi-la-pensie-840x500.jpg\"><img loading=\"lazy\" decoding=\"async\" class=\"aligncenter size-large wp-image-65349\" src=\"https:\/\/www.giurgiuveanul.ro\/stiri\/wp-content\/uploads\/2019\/12\/Calcul-pensie-cand-iesi-la-pensie-840x500-560x333.jpg\" alt=\"Calcul-pensie-cand-iesi-la-pensie-840x500\" width=\"560\" height=\"333\" srcset=\"https:\/\/www.giurgiuveanul.ro\/stiri\/wp-content\/uploads\/2019\/12\/Calcul-pensie-cand-iesi-la-pensie-840x500-560x333.jpg 560w, https:\/\/www.giurgiuveanul.ro\/stiri\/wp-content\/uploads\/2019\/12\/Calcul-pensie-cand-iesi-la-pensie-840x500-250x149.jpg 250w, https:\/\/www.giurgiuveanul.ro\/stiri\/wp-content\/uploads\/2019\/12\/Calcul-pensie-cand-iesi-la-pensie-840x500-400x238.jpg 400w, https:\/\/www.giurgiuveanul.ro\/stiri\/wp-content\/uploads\/2019\/12\/Calcul-pensie-cand-iesi-la-pensie-840x500.jpg 840w\" sizes=\"auto, (max-width: 560px) 100vw, 560px\" \/><\/a>Guvernul va aproba ast\u0103zi modific\u0103rile la OUG 114 \u015fi proiectul privind<!--more--> bugetul de stat. Guvernul urmeaz\u0103 s\u0103 aprobe \u00een \u015fedin\u0163a de\u00a0ast\u0103zi proiectul legii bugetului de stat pentru anul viitor \u015fi proiectul de lege privind modificarea OUG 114, potrivit economica.net.<\/strong><\/p>\n<p style=\"text-align: justify;\">Proiectul de lege de abrogare \u015fi modificare a prevederilor Ordonan\u0163ei de Urgen\u0163\u0103 114 a fost dezb\u0103tut \u00een prim\u0103 lectur\u0103 \u00een \u015fedin\u0163a de Executiv de vinerea trecut\u0103, context \u00een care mini\u015ftrii au venit cu o serie de propuneri la actul normativ. Astfel, ministrul Muncii, Violeta Alexandru, a anun\u0163at c\u0103 \u00een cadrul \u015fedin\u0163ei de Guvern a propus, printre altele, men\u0163inerea sporurilor \u015fi indemniza\u0163iilor la nivelul anului 2019 \u00een proiectul privind modificarea OUG 114.<\/p>\n<p style=\"text-align: justify;\">Pensionarii care sunt angaja\u021bi la stat vor avea la dispozi\u021bie 15 zile s\u0103 aleag\u0103 doar unul dintre cele dou\u0103 venituri. Dac\u0103 dep\u0103\u0219esc acest termen, contractul de munc\u0103 va \u00eenceta automat, potrivit proiectului de modificare a OUG nr. 114.<\/p>\n","protected":false},"excerpt":{"rendered":"<p>Guvernul va aproba ast\u0103zi modific\u0103rile la OUG 114 \u015fi proiectul privind<\/p>\n","protected":false},"author":1,"featured_media":0,"comment_status":"open","ping_status":"open","sticky":false,"template":"","format":"standard","meta":{"footnotes":""},"categories":[6],"tags":[],"class_list":["post-65348","post","type-post","status-publish","format-standard","hentry","category-breaking-news"],"_links":{"self":[{"href":"https:\/\/www.giurgiuveanul.ro\/stiri\/wp-json\/wp\/v2\/posts\/65348","targetHints":{"allow":["GET"]}}],"collection":[{"href":"https:\/\/www.giurgiuveanul.ro\/stiri\/wp-json\/wp\/v2\/posts"}],"about":[{"href":"https:\/\/www.giurgiuveanul.ro\/stiri\/wp-json\/wp\/v2\/types\/post"}],"author":[{"embeddable":true,"href":"https:\/\/www.giurgiuveanul.ro\/stiri\/wp-json\/wp\/v2\/users\/1"}],"replies":[{"embeddable":true,"href":"https:\/\/www.giurgiuveanul.ro\/stiri\/wp-json\/wp\/v2\/comments?post=65348"}],"version-history":[{"count":0,"href":"https:\/\/www.giurgiuveanul.ro\/stiri\/wp-json\/wp\/v2\/posts\/65348\/revisions"}],"wp:attachment":[{"href":"https:\/\/www.giurgiuveanul.ro\/stiri\/wp-json\/wp\/v2\/media?parent=65348"}],"wp:term":[{"taxonomy":"category","embeddable":true,"href":"https:\/\/www.giurgiuveanul.ro\/stiri\/wp-json\/wp\/v2\/categories?post=65348"},{"taxonomy":"post_tag","embeddable":true,"href":"https:\/\/www.giurgiuveanul.ro\/stiri\/wp-json\/wp\/v2\/tags?post=65348"}],"curies":[{"name":"wp","href":"https:\/\/api.w.org\/{rel}","templated":true}]}}