{"id":65353,"date":"2019-12-18T16:01:01","date_gmt":"2019-12-18T14:01:01","guid":{"rendered":"https:\/\/www.giurgiuveanul.ro\/stiri\/?p=65353"},"modified":"2019-12-18T16:20:33","modified_gmt":"2019-12-18T14:20:33","slug":"protest-al-grefierilor-giurgiuveni-fata-de-eliminarea-pensiilor-speciale-pentru-personalul-auxiliar-din-justitie-foto","status":"publish","type":"post","link":"https:\/\/www.giurgiuveanul.ro\/stiri\/protest-al-grefierilor-giurgiuveni-fata-de-eliminarea-pensiilor-speciale-pentru-personalul-auxiliar-din-justitie-foto\/","title":{"rendered":"Protest al grefierilor giurgiuveni fa\u021b\u0103 de eliminarea pensiilor speciale pentru personalul auxiliar din justi\u0163ie! (FOTO)"},"content":{"rendered":"<p style=\"text-align: justify;\"><strong><a href=\"https:\/\/www.giurgiuveanul.ro\/stiri\/wp-content\/uploads\/2019\/12\/IMG_7106.jpg\"><img loading=\"lazy\" decoding=\"async\" class=\"aligncenter size-large wp-image-65354\" src=\"https:\/\/www.giurgiuveanul.ro\/stiri\/wp-content\/uploads\/2019\/12\/IMG_7106-560x416.jpg\" alt=\"IMG_7106\" width=\"560\" height=\"416\" srcset=\"https:\/\/www.giurgiuveanul.ro\/stiri\/wp-content\/uploads\/2019\/12\/IMG_7106-560x416.jpg 560w, https:\/\/www.giurgiuveanul.ro\/stiri\/wp-content\/uploads\/2019\/12\/IMG_7106-250x186.jpg 250w, https:\/\/www.giurgiuveanul.ro\/stiri\/wp-content\/uploads\/2019\/12\/IMG_7106-400x297.jpg 400w, https:\/\/www.giurgiuveanul.ro\/stiri\/wp-content\/uploads\/2019\/12\/IMG_7106.jpg 900w\" sizes=\"auto, (max-width: 560px) 100vw, 560px\" \/><\/a>Grefierii giurgiuveni din<!--more--> Tibunal, Judec\u0103torie \u015fi Parchetele de pe l\u00e2ng\u0103 cele dou\u0103 institu\u0163ii au protestat ast\u0103zi, \u00eencep\u00e2nd cu ora 10.00, fa\u021b\u0103 de eliminarea pensiilor speciale \u015fi pentru personalul auxiliar din justi\u0163ie.<\/strong><\/p>\n<p style=\"text-align: justify;\"><a href=\"https:\/\/www.giurgiuveanul.ro\/stiri\/wp-content\/uploads\/2019\/12\/IMG_7120.jpg\"><img loading=\"lazy\" decoding=\"async\" class=\"aligncenter size-large wp-image-65355\" src=\"https:\/\/www.giurgiuveanul.ro\/stiri\/wp-content\/uploads\/2019\/12\/IMG_7120-560x399.jpg\" alt=\"IMG_7120\" width=\"560\" height=\"399\" srcset=\"https:\/\/www.giurgiuveanul.ro\/stiri\/wp-content\/uploads\/2019\/12\/IMG_7120-560x399.jpg 560w, https:\/\/www.giurgiuveanul.ro\/stiri\/wp-content\/uploads\/2019\/12\/IMG_7120-250x178.jpg 250w, https:\/\/www.giurgiuveanul.ro\/stiri\/wp-content\/uploads\/2019\/12\/IMG_7120-400x285.jpg 400w, https:\/\/www.giurgiuveanul.ro\/stiri\/wp-content\/uploads\/2019\/12\/IMG_7120.jpg 900w\" sizes=\"auto, (max-width: 560px) 100vw, 560px\" \/><\/a><\/p>\n<p style=\"text-align: justify;\">Ei s-au al\u0103turat astfel celor peste 6.000 de grefieri care s-au adunat \u00een fa\u021ba instan\u021belor \u0219i parchetelor, din toat\u0103 \u0163ara, chiar \u00een timp ce deputa\u021bii dezb\u0103teau legea privind eliminarea pensiilor speciale. \u00cen aceast\u0103 situa\u0163ie, \u0219edin\u021bele de judecat\u0103 au fost suspendate.<\/p>\n<p style=\"text-align: justify;\">Protestul a fost anun\u021bat ini\u021bial de sindicatul grefierilor, printr-un comunicat de pres\u0103 din aceast\u0103 diminea\u021b\u0103.<\/p>\n<p style=\"text-align: justify;\"><em>\u201dMiercuri, 18 decembrie 2019, \u00eencep\u00e2nd cu ora 10:00, peste 6.000 de grefieri vor ie\u015fi \u00een fa\u0163a instan\u0163elor \u015fi a parchetelor la nivel na\u0163ional, pe timpul activit\u0103\u0163ii Plenului Camerei Deputa\u0163ilor, timp \u00een care vor fi \u00eenchise arhivele \u015fi registraturile \u015fi suspendate \u015fedin\u0163ele de judecat\u0103. Motivul \u00eel reprezint\u0103 solu\u0163ia adoptat\u0103 de c\u0103tre Comisia de munc\u0103 \u015fi protec\u0163ie social\u0103 a Camerei Deputa\u0163ilor de adoptare a proiectului de lege PL-x 292\/2019 care prive\u015fte abrogarea pensiilor de serviciu \u015fi pentru personalul auxiliar de specialitate (grefieri) din sistemul judiciar\u201d,<\/em> au transmis sindicatele grefierilor.<\/p>\n<p style=\"text-align: justify;\">Ace\u0219tia sus\u021bin c\u0103 dac\u0103 proiectul de lege va ajunge la votul final \u00een Parlament, sistemul judiciar va fi blocat.<\/p>\n<p style=\"text-align: justify;\"><em>\u201dCu toate c\u0103 Ministerul Justi\u0163iei, prin Secretarul de Stat prezent \u00een Comisie, \u015fi-a exprimat o pozi\u0163ie de men\u0163inere a pensiilor de serviciu pentru grefieri \u015fi am\u00e2narea discut\u0103rii ini\u0163iativei legislative pentru depunerea unui punct de vedere scris \u00een acest sens, proiectul de abrogare a pensiilor \u201especiale\u201d a fost adoptat, urm\u00e2nd ca, sub rezerva depunerii Raportului de c\u0103tre Comisie, s\u0103 fie votat \u00een plenul Camerei Deputa\u0163ilor \u00een data de 18 decembrie 2019. \u00cen virtutea dreptului constitu\u0163ional la liber\u0103 exprimare, \u00cen raport de solu\u0163ia adoptat\u0103 de c\u0103tre Comisia de munc\u0103 \u015fi protec\u0163ie social\u0103 a Camerei Deputa\u0163ilor \u015fi \u00een urma deciziei luate de organele de conducere ale organiza\u0163iilor noastre sindicale \u015fi profesionale, Fa\u0163\u0103 de locul \u015fi rolul categoriei noastre profesionale \u00een \u00eenf\u0103ptuirea actului de justi\u0163ie, reprezent\u00e2nd \u201dmotorul\u201d fiec\u0103rei instan\u0163e \u015fi fiec\u0103rui parchet, inform\u0103m \u00a0public c\u0103 sistemul judiciar urmeaz\u0103 s\u0103 fie blocat dac\u0103 acest proiect de lege va ajunge la vot final \u00een plen \u015fi va conduce la abrogarea pensiilor de serviciu ale personalului auxiliar de specialitate (grefieri)\u201d<\/em>, au mai transmis sindicali\u0219tii.<\/p>\n","protected":false},"excerpt":{"rendered":"<p>Grefierii giurgiuveni din<\/p>\n","protected":false},"author":1,"featured_media":0,"comment_status":"open","ping_status":"open","sticky":false,"template":"","format":"standard","meta":{"footnotes":""},"categories":[6],"tags":[],"class_list":["post-65353","post","type-post","status-publish","format-standard","hentry","category-breaking-news"],"_links":{"self":[{"href":"https:\/\/www.giurgiuveanul.ro\/stiri\/wp-json\/wp\/v2\/posts\/65353","targetHints":{"allow":["GET"]}}],"collection":[{"href":"https:\/\/www.giurgiuveanul.ro\/stiri\/wp-json\/wp\/v2\/posts"}],"about":[{"href":"https:\/\/www.giurgiuveanul.ro\/stiri\/wp-json\/wp\/v2\/types\/post"}],"author":[{"embeddable":true,"href":"https:\/\/www.giurgiuveanul.ro\/stiri\/wp-json\/wp\/v2\/users\/1"}],"replies":[{"embeddable":true,"href":"https:\/\/www.giurgiuveanul.ro\/stiri\/wp-json\/wp\/v2\/comments?post=65353"}],"version-history":[{"count":0,"href":"https:\/\/www.giurgiuveanul.ro\/stiri\/wp-json\/wp\/v2\/posts\/65353\/revisions"}],"wp:attachment":[{"href":"https:\/\/www.giurgiuveanul.ro\/stiri\/wp-json\/wp\/v2\/media?parent=65353"}],"wp:term":[{"taxonomy":"category","embeddable":true,"href":"https:\/\/www.giurgiuveanul.ro\/stiri\/wp-json\/wp\/v2\/categories?post=65353"},{"taxonomy":"post_tag","embeddable":true,"href":"https:\/\/www.giurgiuveanul.ro\/stiri\/wp-json\/wp\/v2\/tags?post=65353"}],"curies":[{"name":"wp","href":"https:\/\/api.w.org\/{rel}","templated":true}]}}