{"id":65359,"date":"2019-12-18T16:23:46","date_gmt":"2019-12-18T14:23:46","guid":{"rendered":"https:\/\/www.giurgiuveanul.ro\/stiri\/?p=65359"},"modified":"2019-12-18T16:23:46","modified_gmt":"2019-12-18T14:23:46","slug":"urmarit-international-capturat-de-politistii-giurgiuveni","status":"publish","type":"post","link":"https:\/\/www.giurgiuveanul.ro\/stiri\/urmarit-international-capturat-de-politistii-giurgiuveni\/","title":{"rendered":"Urm\u0103rit interna\u021bional, capturat de poli\u021bi\u0219tii giurgiuveni!"},"content":{"rendered":"<p style=\"text-align: justify;\"><strong><a href=\"https:\/\/www.giurgiuveanul.ro\/stiri\/wp-content\/uploads\/2019\/12\/politia-mascati-perchezitii.jpg\"><img loading=\"lazy\" decoding=\"async\" class=\"aligncenter size-large wp-image-65360\" src=\"https:\/\/www.giurgiuveanul.ro\/stiri\/wp-content\/uploads\/2019\/12\/politia-mascati-perchezitii-560x315.jpg\" alt=\"politia-mascati-perchezitii\" width=\"560\" height=\"315\" srcset=\"https:\/\/www.giurgiuveanul.ro\/stiri\/wp-content\/uploads\/2019\/12\/politia-mascati-perchezitii-560x315.jpg 560w, https:\/\/www.giurgiuveanul.ro\/stiri\/wp-content\/uploads\/2019\/12\/politia-mascati-perchezitii-250x141.jpg 250w, https:\/\/www.giurgiuveanul.ro\/stiri\/wp-content\/uploads\/2019\/12\/politia-mascati-perchezitii-400x225.jpg 400w, https:\/\/www.giurgiuveanul.ro\/stiri\/wp-content\/uploads\/2019\/12\/politia-mascati-perchezitii.jpg 1200w\" sizes=\"auto, (max-width: 560px) 100vw, 560px\" \/><\/a>\u00cen urma unei ac\u021biuni organizat\u0103 de<!--more--> poli\u021bi\u0219tii giurgiuveni, a fost depistat un t\u00e2n\u0103r, de 22 de ani, din municipiul Giurgiu, pe numele c\u0103ruia autorit\u0103\u021bile judiciare din Spania au emis un mandat european de arestare pentru comiterea infrac\u021biunilor de furt \u0219i aderare la un grup infrac\u021bional.<\/strong><\/p>\n<p style=\"text-align: justify;\">Recent, poli\u021bi\u0219tii Serviciului de Investiga\u021bii Criminale din cadrul I.P.J. Giurgiu au organizat \u0219i executat o ac\u021biune pe linia persoanelor urm\u0103rite \u00een municipiul Giurgiu, ocazie cu care au depistat un t\u00e2n\u0103r, de 22 de ani din municipiu, urm\u0103rit interna\u021bional, pe numele c\u0103ruia autorit\u0103\u021bile judiciare din Spania au emis un mandat european de arestare pentru comiterea infrac\u021biunilor de furt \u0219i aderare la un grup infrac\u021bional.<\/p>\n<p style=\"text-align: justify;\">Astfel, persoana depistat\u0103\u00a0 a fost prezentat\u0103 Parchetului de pe l\u00e2ng\u0103 Curtea de Apel Bucure\u0219ti \u0219i instan\u021bei competente, care a emis mandat de arestare preventiv\u0103 pe o perioad\u0103 de 15 zile, fiind depus \u00een arestatul Sec\u021biei 12 Poli\u021bie Bucure\u0219ti.<\/p>\n","protected":false},"excerpt":{"rendered":"<p>\u00cen urma unei ac\u021biuni organizat\u0103 de<\/p>\n","protected":false},"author":1,"featured_media":0,"comment_status":"open","ping_status":"open","sticky":false,"template":"","format":"standard","meta":{"footnotes":""},"categories":[6],"tags":[],"class_list":["post-65359","post","type-post","status-publish","format-standard","hentry","category-breaking-news"],"_links":{"self":[{"href":"https:\/\/www.giurgiuveanul.ro\/stiri\/wp-json\/wp\/v2\/posts\/65359","targetHints":{"allow":["GET"]}}],"collection":[{"href":"https:\/\/www.giurgiuveanul.ro\/stiri\/wp-json\/wp\/v2\/posts"}],"about":[{"href":"https:\/\/www.giurgiuveanul.ro\/stiri\/wp-json\/wp\/v2\/types\/post"}],"author":[{"embeddable":true,"href":"https:\/\/www.giurgiuveanul.ro\/stiri\/wp-json\/wp\/v2\/users\/1"}],"replies":[{"embeddable":true,"href":"https:\/\/www.giurgiuveanul.ro\/stiri\/wp-json\/wp\/v2\/comments?post=65359"}],"version-history":[{"count":0,"href":"https:\/\/www.giurgiuveanul.ro\/stiri\/wp-json\/wp\/v2\/posts\/65359\/revisions"}],"wp:attachment":[{"href":"https:\/\/www.giurgiuveanul.ro\/stiri\/wp-json\/wp\/v2\/media?parent=65359"}],"wp:term":[{"taxonomy":"category","embeddable":true,"href":"https:\/\/www.giurgiuveanul.ro\/stiri\/wp-json\/wp\/v2\/categories?post=65359"},{"taxonomy":"post_tag","embeddable":true,"href":"https:\/\/www.giurgiuveanul.ro\/stiri\/wp-json\/wp\/v2\/tags?post=65359"}],"curies":[{"name":"wp","href":"https:\/\/api.w.org\/{rel}","templated":true}]}}