{"id":67190,"date":"2020-02-14T17:52:20","date_gmt":"2020-02-14T15:52:20","guid":{"rendered":"https:\/\/www.giurgiuveanul.ro\/stiri\/?p=67190"},"modified":"2020-02-14T17:56:07","modified_gmt":"2020-02-14T15:56:07","slug":"comemorare-cezar-ionut-costea","status":"publish","type":"post","link":"https:\/\/www.giurgiuveanul.ro\/stiri\/comemorare-cezar-ionut-costea\/","title":{"rendered":"COMEMORARE Cezar Ionu\u0163 Costea&#8230;"},"content":{"rendered":"<p style=\"text-align: center;\"><a href=\"https:\/\/www.giurgiuveanul.ro\/stiri\/wp-content\/uploads\/2020\/02\/51794320_2364582513774021_325475641052889088_n.jpg\"><img loading=\"lazy\" decoding=\"async\" class=\"aligncenter size-large wp-image-67191\" src=\"https:\/\/www.giurgiuveanul.ro\/stiri\/wp-content\/uploads\/2020\/02\/51794320_2364582513774021_325475641052889088_n-390x450.jpg\" alt=\"\" width=\"390\" height=\"450\" srcset=\"https:\/\/www.giurgiuveanul.ro\/stiri\/wp-content\/uploads\/2020\/02\/51794320_2364582513774021_325475641052889088_n-390x450.jpg 390w, https:\/\/www.giurgiuveanul.ro\/stiri\/wp-content\/uploads\/2020\/02\/51794320_2364582513774021_325475641052889088_n-250x289.jpg 250w, https:\/\/www.giurgiuveanul.ro\/stiri\/wp-content\/uploads\/2020\/02\/51794320_2364582513774021_325475641052889088_n-400x462.jpg 400w, https:\/\/www.giurgiuveanul.ro\/stiri\/wp-content\/uploads\/2020\/02\/51794320_2364582513774021_325475641052889088_n.jpg 693w\" sizes=\"auto, (max-width: 390px) 100vw, 390px\" \/><\/a>Ast\u0103zi se \u00eemplinesc<!--more--><\/p>\n<p style=\"text-align: center;\">patru de ani<\/p>\n<p style=\"text-align: center;\">\u00a0de c\u00e2nd scumpul nostru<\/p>\n<p style=\"text-align: center;\"><strong>Cezar Ionu\u0163 Costea<\/strong><\/p>\n<p style=\"text-align: center;\">a p\u0103r\u0103sit aceast\u0103 lume.<\/p>\n<p style=\"text-align: center;\">Dorul \u015fi c\u0103ldura amintirilor<\/p>\n<p style=\"text-align: center;\">n-au fost estompate<\/p>\n<p style=\"text-align: center;\">de trecerea\u00a0celor patru ani<\/p>\n<p style=\"text-align: center;\">de c\u00e2nd<\/p>\n<p style=\"text-align: center;\">dragul nostru,<\/p>\n<p style=\"text-align: center;\"><strong>Cezar Ionu\u0163 Costea<\/strong>,<\/p>\n<p style=\"text-align: center;\">nu mai e \u00eempreun\u0103 cu noi.<\/p>\n<p style=\"text-align: center;\">El a fost \u015fi va r\u0103m\u00e2ne mereu prezent<\/p>\n<p style=\"text-align: center;\">\u00a0\u00een g\u00e2ndurile \u015fi-n sufletele noastre,<\/p>\n<p style=\"text-align: center;\">\u00een frumoasele amintiri.<\/p>\n<p style=\"text-align: center;\">An dup\u0103 an se adun\u0103 lipsa,<\/p>\n<p style=\"text-align: center;\">dorul, durerea, dar nu poate fi<\/p>\n<p style=\"text-align: center;\">\u015fters chipul lui luminos \u015fi bl\u00e2nd.<\/p>\n<p style=\"text-align: center;\">Sufletul lui bun \u015fi generos<\/p>\n<p style=\"text-align: center;\">tr\u0103ie\u015fte al\u0103turi de noi at\u00e2t timp<\/p>\n<p style=\"text-align: center;\">c\u00e2t vom mai fi pe acest p\u0103m\u00e2nt.<\/p>\n<p style=\"text-align: center;\"><em>Dumnezeu s\u0103 \u00eel odihneasc\u0103 \u00een pace.<\/em><\/p>\n<p style=\"text-align: center;\"><strong>Familia<\/strong><\/p>\n","protected":false},"excerpt":{"rendered":"<p>Ast\u0103zi se \u00eemplinesc<\/p>\n","protected":false},"author":1,"featured_media":0,"comment_status":"open","ping_status":"open","sticky":false,"template":"","format":"standard","meta":{"footnotes":""},"categories":[17],"tags":[],"class_list":["post-67190","post","type-post","status-publish","format-standard","hentry","category-remember"],"_links":{"self":[{"href":"https:\/\/www.giurgiuveanul.ro\/stiri\/wp-json\/wp\/v2\/posts\/67190","targetHints":{"allow":["GET"]}}],"collection":[{"href":"https:\/\/www.giurgiuveanul.ro\/stiri\/wp-json\/wp\/v2\/posts"}],"about":[{"href":"https:\/\/www.giurgiuveanul.ro\/stiri\/wp-json\/wp\/v2\/types\/post"}],"author":[{"embeddable":true,"href":"https:\/\/www.giurgiuveanul.ro\/stiri\/wp-json\/wp\/v2\/users\/1"}],"replies":[{"embeddable":true,"href":"https:\/\/www.giurgiuveanul.ro\/stiri\/wp-json\/wp\/v2\/comments?post=67190"}],"version-history":[{"count":0,"href":"https:\/\/www.giurgiuveanul.ro\/stiri\/wp-json\/wp\/v2\/posts\/67190\/revisions"}],"wp:attachment":[{"href":"https:\/\/www.giurgiuveanul.ro\/stiri\/wp-json\/wp\/v2\/media?parent=67190"}],"wp:term":[{"taxonomy":"category","embeddable":true,"href":"https:\/\/www.giurgiuveanul.ro\/stiri\/wp-json\/wp\/v2\/categories?post=67190"},{"taxonomy":"post_tag","embeddable":true,"href":"https:\/\/www.giurgiuveanul.ro\/stiri\/wp-json\/wp\/v2\/tags?post=67190"}],"curies":[{"name":"wp","href":"https:\/\/api.w.org\/{rel}","templated":true}]}}