{"id":68302,"date":"2020-03-19T10:10:36","date_gmt":"2020-03-19T08:10:36","guid":{"rendered":"https:\/\/www.giurgiuveanul.ro\/stiri\/?p=68302"},"modified":"2020-03-19T10:10:36","modified_gmt":"2020-03-19T08:10:36","slug":"astazi-ziua-ta-la-multi-ani-doamna-prefect-aneta-matei","status":"publish","type":"post","link":"https:\/\/www.giurgiuveanul.ro\/stiri\/astazi-ziua-ta-la-multi-ani-doamna-prefect-aneta-matei\/","title":{"rendered":"Ast\u0103zi e ziua ta: La Mul\u0163i Ani, doamna prefect Aneta Matei!"},"content":{"rendered":"<p><a href=\"https:\/\/www.giurgiuveanul.ro\/stiri\/wp-content\/uploads\/2020\/03\/IMG_6559.jpg\"><img loading=\"lazy\" decoding=\"async\" class=\"aligncenter size-large wp-image-68303\" src=\"https:\/\/www.giurgiuveanul.ro\/stiri\/wp-content\/uploads\/2020\/03\/IMG_6559-533x450.jpg\" alt=\"\" width=\"533\" height=\"450\" srcset=\"https:\/\/www.giurgiuveanul.ro\/stiri\/wp-content\/uploads\/2020\/03\/IMG_6559-533x450.jpg 533w, https:\/\/www.giurgiuveanul.ro\/stiri\/wp-content\/uploads\/2020\/03\/IMG_6559-250x211.jpg 250w, https:\/\/www.giurgiuveanul.ro\/stiri\/wp-content\/uploads\/2020\/03\/IMG_6559-768x649.jpg 768w, https:\/\/www.giurgiuveanul.ro\/stiri\/wp-content\/uploads\/2020\/03\/IMG_6559-400x338.jpg 400w, https:\/\/www.giurgiuveanul.ro\/stiri\/wp-content\/uploads\/2020\/03\/IMG_6559.jpg 900w\" sizes=\"auto, (max-width: 533px) 100vw, 533px\" \/><\/a>Prefectul jude\u0163ului Giurgiu, <strong>doamna Aneta Matei<\/strong>, \u00eempline\u015fte, ast\u0103zi, frumoasa v\u00e2rst\u0103 de<!--more--> 48 de ani.<\/p>\n<p>Cu acest prilej, v\u0103 dorim s\u0103 ave\u0163i parte de s\u0103n\u0103tate, fericire \u015fi bucurii al\u0103turi de cei dragi, succes \u00een carier\u0103, \u00eendeplinirea tuturor dorin\u0163elor \u015fi s\u0103 gestiona\u0163i cu brio situa\u0163ia dificil\u0103 prin care trecem.<\/p>\n<p><em>La Mul\u0163i Ani, doamna prefect Aneta Matei!<\/em><\/p>\n","protected":false},"excerpt":{"rendered":"<p>Prefectul jude\u0163ului Giurgiu, doamna Aneta Matei, \u00eempline\u015fte, ast\u0103zi, frumoasa v\u00e2rst\u0103 de<\/p>\n","protected":false},"author":1,"featured_media":0,"comment_status":"open","ping_status":"open","sticky":false,"template":"","format":"standard","meta":{"footnotes":""},"categories":[16],"tags":[],"class_list":["post-68302","post","type-post","status-publish","format-standard","hentry","category-astazi-e-ziua-ta"],"_links":{"self":[{"href":"https:\/\/www.giurgiuveanul.ro\/stiri\/wp-json\/wp\/v2\/posts\/68302","targetHints":{"allow":["GET"]}}],"collection":[{"href":"https:\/\/www.giurgiuveanul.ro\/stiri\/wp-json\/wp\/v2\/posts"}],"about":[{"href":"https:\/\/www.giurgiuveanul.ro\/stiri\/wp-json\/wp\/v2\/types\/post"}],"author":[{"embeddable":true,"href":"https:\/\/www.giurgiuveanul.ro\/stiri\/wp-json\/wp\/v2\/users\/1"}],"replies":[{"embeddable":true,"href":"https:\/\/www.giurgiuveanul.ro\/stiri\/wp-json\/wp\/v2\/comments?post=68302"}],"version-history":[{"count":0,"href":"https:\/\/www.giurgiuveanul.ro\/stiri\/wp-json\/wp\/v2\/posts\/68302\/revisions"}],"wp:attachment":[{"href":"https:\/\/www.giurgiuveanul.ro\/stiri\/wp-json\/wp\/v2\/media?parent=68302"}],"wp:term":[{"taxonomy":"category","embeddable":true,"href":"https:\/\/www.giurgiuveanul.ro\/stiri\/wp-json\/wp\/v2\/categories?post=68302"},{"taxonomy":"post_tag","embeddable":true,"href":"https:\/\/www.giurgiuveanul.ro\/stiri\/wp-json\/wp\/v2\/tags?post=68302"}],"curies":[{"name":"wp","href":"https:\/\/api.w.org\/{rel}","templated":true}]}}