{"id":6947,"date":"2013-08-06T14:29:39","date_gmt":"2013-08-06T11:29:39","guid":{"rendered":"https:\/\/www.giurgiuveanul.ro\/stiri\/?p=6947"},"modified":"2013-08-06T14:29:39","modified_gmt":"2013-08-06T11:29:39","slug":"comandantul-pompierilor-din-judetul-giurgiu-la-ceas-aniversar-la-multi-ani-domnule-colonel-emil-apostol","status":"publish","type":"post","link":"https:\/\/www.giurgiuveanul.ro\/stiri\/comandantul-pompierilor-din-judetul-giurgiu-la-ceas-aniversar-la-multi-ani-domnule-colonel-emil-apostol\/","title":{"rendered":"Comandantul Pompierilor din jude\u0163ul Giurgiu, la ceas aniversar! La Mul\u0163i Ani, domnule colonel Emil Apostol!"},"content":{"rendered":"<p style=\"text-align: justify;\"><a href=\"https:\/\/www.giurgiuveanul.ro\/stiri\/wp-content\/uploads\/2013\/08\/colonel-Emil-Apostol-by-GIURGIUVEANUL.jpg\"><img loading=\"lazy\" decoding=\"async\" class=\"aligncenter size-large wp-image-6948\" alt=\"colonel Emil Apostol by GIURGIUVEANUL\" src=\"https:\/\/www.giurgiuveanul.ro\/stiri\/wp-content\/uploads\/2013\/08\/colonel-Emil-Apostol-by-GIURGIUVEANUL-560x325.jpg\" width=\"560\" height=\"325\" srcset=\"https:\/\/www.giurgiuveanul.ro\/stiri\/wp-content\/uploads\/2013\/08\/colonel-Emil-Apostol-by-GIURGIUVEANUL-560x325.jpg 560w, https:\/\/www.giurgiuveanul.ro\/stiri\/wp-content\/uploads\/2013\/08\/colonel-Emil-Apostol-by-GIURGIUVEANUL-250x145.jpg 250w, https:\/\/www.giurgiuveanul.ro\/stiri\/wp-content\/uploads\/2013\/08\/colonel-Emil-Apostol-by-GIURGIUVEANUL-400x232.jpg 400w, https:\/\/www.giurgiuveanul.ro\/stiri\/wp-content\/uploads\/2013\/08\/colonel-Emil-Apostol-by-GIURGIUVEANUL.jpg 800w\" sizes=\"auto, (max-width: 560px) 100vw, 560px\" \/><\/a>Ast\u0103zi, 6 august, domnul colonel Emil Apostol, inspectorul \u015fef al Inspectoratului pentru Situa\u0163ii de Urgen\u0163\u0103 Giurgiu \u00ee\u015fi s\u0103rb\u0103tore\u015fte ziua de na\u015ftere. Cu acest prilej, <!--more-->redac\u0163ia GIURGIUVEANUL \u00eei ureaz\u0103 s\u0103n\u0103tate, optimism \u015fi for\u0163a de a face fa\u0163\u0103 \u00een continuare cu succes tuturor misiunilor! V\u0103 dorim o zi minunat\u0103, un an memorabil \u015fi succes \u00een tot ce face\u0163i.<\/p>\n<p style=\"text-align: justify;\"><i>La mul\u0163i ani, domnule colonel Emil Apostol!<\/i><\/p>\n","protected":false},"excerpt":{"rendered":"<p>Ast\u0103zi, 6 august, domnul colonel Emil Apostol, inspectorul \u015fef al Inspectoratului pentru Situa\u0163ii de Urgen\u0163\u0103 Giurgiu \u00ee\u015fi s\u0103rb\u0103tore\u015fte ziua de na\u015ftere. Cu acest prilej,<\/p>\n","protected":false},"author":2,"featured_media":0,"comment_status":"open","ping_status":"open","sticky":false,"template":"","format":"standard","meta":{"footnotes":""},"categories":[16],"tags":[],"class_list":["post-6947","post","type-post","status-publish","format-standard","hentry","category-astazi-e-ziua-ta"],"_links":{"self":[{"href":"https:\/\/www.giurgiuveanul.ro\/stiri\/wp-json\/wp\/v2\/posts\/6947","targetHints":{"allow":["GET"]}}],"collection":[{"href":"https:\/\/www.giurgiuveanul.ro\/stiri\/wp-json\/wp\/v2\/posts"}],"about":[{"href":"https:\/\/www.giurgiuveanul.ro\/stiri\/wp-json\/wp\/v2\/types\/post"}],"author":[{"embeddable":true,"href":"https:\/\/www.giurgiuveanul.ro\/stiri\/wp-json\/wp\/v2\/users\/2"}],"replies":[{"embeddable":true,"href":"https:\/\/www.giurgiuveanul.ro\/stiri\/wp-json\/wp\/v2\/comments?post=6947"}],"version-history":[{"count":0,"href":"https:\/\/www.giurgiuveanul.ro\/stiri\/wp-json\/wp\/v2\/posts\/6947\/revisions"}],"wp:attachment":[{"href":"https:\/\/www.giurgiuveanul.ro\/stiri\/wp-json\/wp\/v2\/media?parent=6947"}],"wp:term":[{"taxonomy":"category","embeddable":true,"href":"https:\/\/www.giurgiuveanul.ro\/stiri\/wp-json\/wp\/v2\/categories?post=6947"},{"taxonomy":"post_tag","embeddable":true,"href":"https:\/\/www.giurgiuveanul.ro\/stiri\/wp-json\/wp\/v2\/tags?post=6947"}],"curies":[{"name":"wp","href":"https:\/\/api.w.org\/{rel}","templated":true}]}}