{"id":6973,"date":"2013-08-07T10:20:43","date_gmt":"2013-08-07T07:20:43","guid":{"rendered":"https:\/\/www.giurgiuveanul.ro\/stiri\/?p=6973"},"modified":"2013-08-07T10:20:43","modified_gmt":"2013-08-07T07:20:43","slug":"la-multi-ani-marcela-petcu","status":"publish","type":"post","link":"https:\/\/www.giurgiuveanul.ro\/stiri\/la-multi-ani-marcela-petcu\/","title":{"rendered":"La Mul\u021bi Ani, Marcela Petcu!"},"content":{"rendered":"<p><a href=\"https:\/\/www.giurgiuveanul.ro\/stiri\/wp-content\/uploads\/2013\/08\/Marcela-Petcu-foto.jpg\"><img loading=\"lazy\" decoding=\"async\" class=\"aligncenter size-large wp-image-6974\" alt=\"Marcela Petcu foto\" src=\"https:\/\/www.giurgiuveanul.ro\/stiri\/wp-content\/uploads\/2013\/08\/Marcela-Petcu-foto-560x392.jpg\" width=\"560\" height=\"392\" srcset=\"https:\/\/www.giurgiuveanul.ro\/stiri\/wp-content\/uploads\/2013\/08\/Marcela-Petcu-foto-560x392.jpg 560w, https:\/\/www.giurgiuveanul.ro\/stiri\/wp-content\/uploads\/2013\/08\/Marcela-Petcu-foto-250x175.jpg 250w, https:\/\/www.giurgiuveanul.ro\/stiri\/wp-content\/uploads\/2013\/08\/Marcela-Petcu-foto-400x280.jpg 400w, https:\/\/www.giurgiuveanul.ro\/stiri\/wp-content\/uploads\/2013\/08\/Marcela-Petcu-foto.jpg 800w\" sizes=\"auto, (max-width: 560px) 100vw, 560px\" \/><\/a>Nu puteam s\u0103 rat\u0103m oportunitatea de a spune La Mul\u0163i Ani unei jurnaliste de excep\u0163ie, care se dedic\u0103 zi de zi misiunii nobile de a informa prompt \u015fi corect giurgiuvenii. O persoan\u0103 f\u0103r\u0103 de care<!--more--> nu ar fi fost posibil succesul cotidianului GIURGIUVEANUL. Este vorba de Marcela Petcu, redactorul \u015fef adjunct al cotidianului GIURGIUVEANUL, care ast\u0103zi, 7 august \u00eempline\u015fte o frumoas\u0103 v\u00e2rst\u0103.\u00a0 \u00cei dorim ca toate visele \u015fi dorin\u0163ele s\u0103 i se \u00eemplineasc\u0103 pentru c\u0103 merit\u0103 tot ce e mai bun! La mul\u0163i ani, Marcela Petcu, \u015fi s\u0103 fii la fel de obiectiv\u0103 \u015fi incisiv\u0103 ca p\u00e2n\u0103 acum!<\/p>\n","protected":false},"excerpt":{"rendered":"<p>Nu puteam s\u0103 rat\u0103m oportunitatea de a spune La Mul\u0163i Ani unei jurnaliste de excep\u0163ie, care se dedic\u0103 zi de zi misiunii nobile de a informa prompt \u015fi corect giurgiuvenii. O persoan\u0103 f\u0103r\u0103 de care<\/p>\n","protected":false},"author":2,"featured_media":0,"comment_status":"open","ping_status":"open","sticky":false,"template":"","format":"standard","meta":{"footnotes":""},"categories":[16],"tags":[],"class_list":["post-6973","post","type-post","status-publish","format-standard","hentry","category-astazi-e-ziua-ta"],"_links":{"self":[{"href":"https:\/\/www.giurgiuveanul.ro\/stiri\/wp-json\/wp\/v2\/posts\/6973","targetHints":{"allow":["GET"]}}],"collection":[{"href":"https:\/\/www.giurgiuveanul.ro\/stiri\/wp-json\/wp\/v2\/posts"}],"about":[{"href":"https:\/\/www.giurgiuveanul.ro\/stiri\/wp-json\/wp\/v2\/types\/post"}],"author":[{"embeddable":true,"href":"https:\/\/www.giurgiuveanul.ro\/stiri\/wp-json\/wp\/v2\/users\/2"}],"replies":[{"embeddable":true,"href":"https:\/\/www.giurgiuveanul.ro\/stiri\/wp-json\/wp\/v2\/comments?post=6973"}],"version-history":[{"count":0,"href":"https:\/\/www.giurgiuveanul.ro\/stiri\/wp-json\/wp\/v2\/posts\/6973\/revisions"}],"wp:attachment":[{"href":"https:\/\/www.giurgiuveanul.ro\/stiri\/wp-json\/wp\/v2\/media?parent=6973"}],"wp:term":[{"taxonomy":"category","embeddable":true,"href":"https:\/\/www.giurgiuveanul.ro\/stiri\/wp-json\/wp\/v2\/categories?post=6973"},{"taxonomy":"post_tag","embeddable":true,"href":"https:\/\/www.giurgiuveanul.ro\/stiri\/wp-json\/wp\/v2\/tags?post=6973"}],"curies":[{"name":"wp","href":"https:\/\/api.w.org\/{rel}","templated":true}]}}