{"id":7101,"date":"2013-08-12T15:17:14","date_gmt":"2013-08-12T12:17:14","guid":{"rendered":"https:\/\/www.giurgiuveanul.ro\/stiri\/?p=7101"},"modified":"2013-08-12T15:17:14","modified_gmt":"2013-08-12T12:17:14","slug":"focar-munti-de-gunoaie-de-pasare-depozitate-langa-drum-national","status":"publish","type":"post","link":"https:\/\/www.giurgiuveanul.ro\/stiri\/focar-munti-de-gunoaie-de-pasare-depozitate-langa-drum-national\/","title":{"rendered":"FOCAR! Mun\u0163i de gunoaie de pas\u0103re, depozitate l\u00e2ng\u0103 un drum na\u0163ional"},"content":{"rendered":"<p style=\"text-align: justify;\"><a href=\"https:\/\/www.giurgiuveanul.ro\/stiri\/wp-content\/uploads\/2013\/08\/Gunoi-1-by-Giurgiuveanul.jpg\"><img loading=\"lazy\" decoding=\"async\" class=\"aligncenter size-large wp-image-7102\" alt=\"Gunoi 1 by Giurgiuveanul\" src=\"https:\/\/www.giurgiuveanul.ro\/stiri\/wp-content\/uploads\/2013\/08\/Gunoi-1-by-Giurgiuveanul-560x360.jpg\" width=\"560\" height=\"360\" srcset=\"https:\/\/www.giurgiuveanul.ro\/stiri\/wp-content\/uploads\/2013\/08\/Gunoi-1-by-Giurgiuveanul-560x360.jpg 560w, https:\/\/www.giurgiuveanul.ro\/stiri\/wp-content\/uploads\/2013\/08\/Gunoi-1-by-Giurgiuveanul-250x160.jpg 250w, https:\/\/www.giurgiuveanul.ro\/stiri\/wp-content\/uploads\/2013\/08\/Gunoi-1-by-Giurgiuveanul-400x257.jpg 400w, https:\/\/www.giurgiuveanul.ro\/stiri\/wp-content\/uploads\/2013\/08\/Gunoi-1-by-Giurgiuveanul.jpg 800w\" sizes=\"auto, (max-width: 560px) 100vw, 560px\" \/><\/a>Tone de gunoi de pas\u0103re troneaz\u0103 l\u00e2ng\u0103 un drum na\u0163ional din Giurgiu, DN 5 Giurgiu-Bucure\u015fti, pe care circul\u0103 zilnic sute de ma\u015fini. Pe l\u00e2ng\u0103 faptul c\u0103 imaginea este dezolant\u0103, mirosul pestilen\u0163ial se simte de la kilometri \u00eentregi. Gunoaiele sunt aruncate la voia \u00eent\u00e2mpl\u0103rii pe terenurile oamenilor din Plop\u015foru, situate la mic\u0103 distan\u0163\u0103 de drumul na\u0163ional, dar \u015fi pe un drum comunal, care face leg\u0103tura cu localitatea Ghimpa\u0163i.<\/p>\n<p style=\"text-align: justify;\">Doi dintre localnicii din Plop\u015foru se pl\u00e2ng c\u0103 <!--more-->fermele de p\u0103s\u0103ri arunc\u0103 gunoiul pe terenurile oamenilor dar \u015fi pe un drum public, f\u0103r\u0103 ca autorit\u0103\u0163ile s\u0103 ia m\u0103suri \u00eempotriva lor. A\u015fa se face c\u0103 de c\u00e2nd au crescut temperaturile, mirosul emanat este imposibil de suportat.<\/p>\n<p style=\"text-align: justify;\"><i>\u201eNu putem trece cu ma\u015finile agricole spre terenurile noastre pentru c\u0103 drumul public este acoperit \u00een mare parte de gunoaie \u015fi schelete de pas\u0103re. Sunt mai multe astfel de depozite, \u015fi nu numai la Plop\u015foru, ci \u015fi la D\u0103i\u0163a. Sunt culturi de porumb \u00een care gunoiul b\u0103lte\u015fte pur \u015fi simplu\u201d,<\/i> spune unul dintre fermierii care au terenuri \u00een zon\u0103. Oamenii spun c\u0103 au f\u0103cut numeroase demersuri c\u0103tre autorit\u0103\u0163i, \u00eens\u0103 nimeni nu s-a sesizat p\u00e2n\u0103 \u00een prezent.<\/p>\n<p style=\"text-align: justify;\"><a href=\"https:\/\/www.giurgiuveanul.ro\/stiri\/wp-content\/uploads\/2013\/08\/Gunoi-3-by-Giurgiuveanul.jpg\"><img loading=\"lazy\" decoding=\"async\" class=\"aligncenter size-large wp-image-7103\" alt=\"Gunoi 3 by Giurgiuveanul\" src=\"https:\/\/www.giurgiuveanul.ro\/stiri\/wp-content\/uploads\/2013\/08\/Gunoi-3-by-Giurgiuveanul-560x373.jpg\" width=\"560\" height=\"373\" srcset=\"https:\/\/www.giurgiuveanul.ro\/stiri\/wp-content\/uploads\/2013\/08\/Gunoi-3-by-Giurgiuveanul-560x373.jpg 560w, https:\/\/www.giurgiuveanul.ro\/stiri\/wp-content\/uploads\/2013\/08\/Gunoi-3-by-Giurgiuveanul-250x166.jpg 250w, https:\/\/www.giurgiuveanul.ro\/stiri\/wp-content\/uploads\/2013\/08\/Gunoi-3-by-Giurgiuveanul-400x266.jpg 400w, https:\/\/www.giurgiuveanul.ro\/stiri\/wp-content\/uploads\/2013\/08\/Gunoi-3-by-Giurgiuveanul.jpg 800w\" sizes=\"auto, (max-width: 560px) 100vw, 560px\" \/><\/a><\/p>\n<p style=\"text-align: justify;\">\u00a0\u00cen timp ce unii localnici arat\u0103 cu degetul spre autorit\u0103\u0163ile locale, acestea sus\u0163in c\u0103 au f\u0103cut tot ce le permite legea pentru a preveni aruncarea de\u015feurilor la voia \u00eent\u00e2mpl\u0103rii.<\/p>\n<p style=\"text-align: justify;\">Primarul comunei Daia, <strong>Valentin Barbu<\/strong> <em>(foto)<\/em>, \u00eei acuz\u0103 pe<\/p>\n<p style=\"text-align: justify;\"><a href=\"https:\/\/www.giurgiuveanul.ro\/stiri\/wp-content\/uploads\/2013\/08\/primar-daia.jpg\"><img loading=\"lazy\" decoding=\"async\" class=\"aligncenter size-large wp-image-7104\" alt=\"primar daia\" src=\"https:\/\/www.giurgiuveanul.ro\/stiri\/wp-content\/uploads\/2013\/08\/primar-daia-560x364.jpg\" width=\"560\" height=\"364\" srcset=\"https:\/\/www.giurgiuveanul.ro\/stiri\/wp-content\/uploads\/2013\/08\/primar-daia-560x364.jpg 560w, https:\/\/www.giurgiuveanul.ro\/stiri\/wp-content\/uploads\/2013\/08\/primar-daia-250x162.jpg 250w, https:\/\/www.giurgiuveanul.ro\/stiri\/wp-content\/uploads\/2013\/08\/primar-daia-400x260.jpg 400w, https:\/\/www.giurgiuveanul.ro\/stiri\/wp-content\/uploads\/2013\/08\/primar-daia.jpg 800w\" sizes=\"auto, (max-width: 560px) 100vw, 560px\" \/><\/a><\/p>\n<p style=\"text-align: justify;\">proprietarii de terenuri agricole, care accept\u0103 tacit aceast\u0103 situa\u0163ie, ba chiar se \u00een\u0163eleg cu firmele respective asupra depozit\u0103rii gunoiului de pas\u0103re. <i>\u201eSunt \u00een\u0163ele\u015fi cu firmele care de\u0163in ferme de p\u0103s\u0103ri s\u0103 depoziteze gunoiul pe terenurile lor. Eu i-am amendat \u015fi cu 2000 de lei, dar tot nu \u00een\u0163eleg. Dac\u0103 ve\u0163i face o anchet\u0103 am\u0103nun\u0163it\u0103, ve\u0163i descoperi c\u0103 astfel stau lucrurile. \u00cen ceea ce prive\u015fte drumul public acoperit de gunoi, \u015ftiu c\u0103 de\u015feurile s-au deversat de pe terenul unui localnic\u201d<\/i>, spune primarul.<\/p>\n<p style=\"text-align: justify;\">Nu \u015ftim dac\u0103 Garda de Mediu are cuno\u015ftin\u0163\u0103 de situa\u0163ie, dar p\u00e2n\u0103 acum nu a luat nici o m\u0103sur\u0103. Mormanele de gunoi, pline de oase de p\u0103s\u0103ri, cresc de la o zi la alta \u015fi se transform\u0103 \u00eentr-un focar de infec\u0163ie. Dac\u0103 organele de control \u015fi-ar face treaba, legea pentru Protec\u0163ia Mediului prevede amenzi \u00een valoare de 2.000 de lei pentru persoane fizice \u015fi \u00eentre 10.000 \u015fi 20.000 pentru persoane juridice.<\/p>\n<p style=\"text-align: justify;\"><a href=\"https:\/\/www.giurgiuveanul.ro\/stiri\/wp-content\/uploads\/2013\/08\/Gunoi-2-by-Giurgiuveanul.jpg\"><img loading=\"lazy\" decoding=\"async\" class=\"aligncenter size-large wp-image-7105\" alt=\"Gunoi 2 by Giurgiuveanul\" src=\"https:\/\/www.giurgiuveanul.ro\/stiri\/wp-content\/uploads\/2013\/08\/Gunoi-2-by-Giurgiuveanul-560x396.jpg\" width=\"560\" height=\"396\" srcset=\"https:\/\/www.giurgiuveanul.ro\/stiri\/wp-content\/uploads\/2013\/08\/Gunoi-2-by-Giurgiuveanul-560x396.jpg 560w, https:\/\/www.giurgiuveanul.ro\/stiri\/wp-content\/uploads\/2013\/08\/Gunoi-2-by-Giurgiuveanul-250x177.jpg 250w, https:\/\/www.giurgiuveanul.ro\/stiri\/wp-content\/uploads\/2013\/08\/Gunoi-2-by-Giurgiuveanul-400x283.jpg 400w, https:\/\/www.giurgiuveanul.ro\/stiri\/wp-content\/uploads\/2013\/08\/Gunoi-2-by-Giurgiuveanul.jpg 800w\" sizes=\"auto, (max-width: 560px) 100vw, 560px\" \/><\/a><\/p>\n","protected":false},"excerpt":{"rendered":"<p>Tone de gunoi de pas\u0103re troneaz\u0103 l\u00e2ng\u0103 un drum na\u0163ional din Giurgiu, DN 5 Giurgiu-Bucure\u015fti, pe care circul\u0103 zilnic sute de ma\u015fini. Pe l\u00e2ng\u0103 faptul c\u0103 imaginea este dezolant\u0103, mirosul pestilen\u0163ial se simte de la kilometri \u00eentregi. Gunoaiele sunt aruncate la voia \u00eent\u00e2mpl\u0103rii pe terenurile oamenilor din Plop\u015foru, situate la mic\u0103 distan\u0163\u0103 de drumul na\u0163ional, [&hellip;]<\/p>\n","protected":false},"author":2,"featured_media":0,"comment_status":"open","ping_status":"open","sticky":false,"template":"","format":"standard","meta":{"footnotes":""},"categories":[15],"tags":[],"class_list":["post-7101","post","type-post","status-publish","format-standard","hentry","category-bomba-zilei"],"_links":{"self":[{"href":"https:\/\/www.giurgiuveanul.ro\/stiri\/wp-json\/wp\/v2\/posts\/7101","targetHints":{"allow":["GET"]}}],"collection":[{"href":"https:\/\/www.giurgiuveanul.ro\/stiri\/wp-json\/wp\/v2\/posts"}],"about":[{"href":"https:\/\/www.giurgiuveanul.ro\/stiri\/wp-json\/wp\/v2\/types\/post"}],"author":[{"embeddable":true,"href":"https:\/\/www.giurgiuveanul.ro\/stiri\/wp-json\/wp\/v2\/users\/2"}],"replies":[{"embeddable":true,"href":"https:\/\/www.giurgiuveanul.ro\/stiri\/wp-json\/wp\/v2\/comments?post=7101"}],"version-history":[{"count":0,"href":"https:\/\/www.giurgiuveanul.ro\/stiri\/wp-json\/wp\/v2\/posts\/7101\/revisions"}],"wp:attachment":[{"href":"https:\/\/www.giurgiuveanul.ro\/stiri\/wp-json\/wp\/v2\/media?parent=7101"}],"wp:term":[{"taxonomy":"category","embeddable":true,"href":"https:\/\/www.giurgiuveanul.ro\/stiri\/wp-json\/wp\/v2\/categories?post=7101"},{"taxonomy":"post_tag","embeddable":true,"href":"https:\/\/www.giurgiuveanul.ro\/stiri\/wp-json\/wp\/v2\/tags?post=7101"}],"curies":[{"name":"wp","href":"https:\/\/api.w.org\/{rel}","templated":true}]}}