{"id":71305,"date":"2020-06-29T18:06:54","date_gmt":"2020-06-29T15:06:54","guid":{"rendered":"https:\/\/www.giurgiuveanul.ro\/stiri\/?p=71305"},"modified":"2020-06-29T20:19:03","modified_gmt":"2020-06-29T17:19:03","slug":"barbatul-inecat-nu-mai-putut-fi-readus-la-viata-fiind-declarat-decedat","status":"publish","type":"post","link":"https:\/\/www.giurgiuveanul.ro\/stiri\/barbatul-inecat-nu-mai-putut-fi-readus-la-viata-fiind-declarat-decedat\/","title":{"rendered":"B\u0103rbatul \u00eenecat nu a mai putut fi readus la via\u021b\u0103&#8230; fiind declarat decedat"},"content":{"rendered":"<p style=\"text-align: justify;\"><a href=\"https:\/\/www.giurgiuveanul.ro\/stiri\/wp-content\/uploads\/2020\/06\/000-a-murit-inecat.jpg\"><img loading=\"lazy\" decoding=\"async\" class=\"aligncenter size-large wp-image-71306\" src=\"https:\/\/www.giurgiuveanul.ro\/stiri\/wp-content\/uploads\/2020\/06\/000-a-murit-inecat-560x304.jpg\" alt=\"\" width=\"560\" height=\"304\" srcset=\"https:\/\/www.giurgiuveanul.ro\/stiri\/wp-content\/uploads\/2020\/06\/000-a-murit-inecat-560x304.jpg 560w, https:\/\/www.giurgiuveanul.ro\/stiri\/wp-content\/uploads\/2020\/06\/000-a-murit-inecat-250x136.jpg 250w, https:\/\/www.giurgiuveanul.ro\/stiri\/wp-content\/uploads\/2020\/06\/000-a-murit-inecat-768x417.jpg 768w, https:\/\/www.giurgiuveanul.ro\/stiri\/wp-content\/uploads\/2020\/06\/000-a-murit-inecat-400x217.jpg 400w, https:\/\/www.giurgiuveanul.ro\/stiri\/wp-content\/uploads\/2020\/06\/000-a-murit-inecat.jpg 1536w\" sizes=\"auto, (max-width: 560px) 100vw, 560px\" \/><\/a>Echipajul medical de la SAJ Giurgiu a<!--more--> f\u0103cut eforturi sus\u021binute la fa\u0163a locului, a-au aplicat manevre de resuscitare mai bine de 50 minute&#8230; dar, din p\u0103cate, medicii au fost nevoi\u021bi s\u0103 declare decesul b\u0103rbatului, de 52 de ani, din Giurgiu.<\/p>\n<p style=\"text-align: justify;\">Trupul ne\u00eensufle\u0163it al acestuia urmeaz\u0103 a fi transportat la Morga Spitalului Jude\u0163ean de Urgen\u0163\u0103 Giurgiu pentru efectuarea necropsiei.<\/p>\n<p style=\"text-align: justify;\"><em>&#8222;Poli\u0163i\u015ftii au deschis \u00een acest caz un dosar penal pentru moarte suspect\u0103&#8221;,<\/em> a precizat, pentru &#8222;Giurgiuveanul&#8221;, <strong>Emanuela S\u00e2rbu<\/strong>, purt\u0103torul de cuv\u00e2nt al IPJ Giurgiu.<\/p>\n<p style=\"text-align: justify;\">Imaginile ne-au fost trimise de un cititor <a href=\"http:\/\/www.giurgiuveanul.ro\">giurgiuveanul.ro<\/a>, c\u0103ruia <em>(\u015fi pe aceast\u0103 cale)<\/em> \u00eei mul\u0163umim.<\/p>\n","protected":false},"excerpt":{"rendered":"<p>Echipajul medical de la SAJ Giurgiu a<\/p>\n","protected":false},"author":2,"featured_media":0,"comment_status":"open","ping_status":"open","sticky":false,"template":"","format":"standard","meta":{"footnotes":""},"categories":[6],"tags":[],"class_list":["post-71305","post","type-post","status-publish","format-standard","hentry","category-breaking-news"],"_links":{"self":[{"href":"https:\/\/www.giurgiuveanul.ro\/stiri\/wp-json\/wp\/v2\/posts\/71305","targetHints":{"allow":["GET"]}}],"collection":[{"href":"https:\/\/www.giurgiuveanul.ro\/stiri\/wp-json\/wp\/v2\/posts"}],"about":[{"href":"https:\/\/www.giurgiuveanul.ro\/stiri\/wp-json\/wp\/v2\/types\/post"}],"author":[{"embeddable":true,"href":"https:\/\/www.giurgiuveanul.ro\/stiri\/wp-json\/wp\/v2\/users\/2"}],"replies":[{"embeddable":true,"href":"https:\/\/www.giurgiuveanul.ro\/stiri\/wp-json\/wp\/v2\/comments?post=71305"}],"version-history":[{"count":0,"href":"https:\/\/www.giurgiuveanul.ro\/stiri\/wp-json\/wp\/v2\/posts\/71305\/revisions"}],"wp:attachment":[{"href":"https:\/\/www.giurgiuveanul.ro\/stiri\/wp-json\/wp\/v2\/media?parent=71305"}],"wp:term":[{"taxonomy":"category","embeddable":true,"href":"https:\/\/www.giurgiuveanul.ro\/stiri\/wp-json\/wp\/v2\/categories?post=71305"},{"taxonomy":"post_tag","embeddable":true,"href":"https:\/\/www.giurgiuveanul.ro\/stiri\/wp-json\/wp\/v2\/tags?post=71305"}],"curies":[{"name":"wp","href":"https:\/\/api.w.org\/{rel}","templated":true}]}}