{"id":71529,"date":"2020-07-08T18:10:34","date_gmt":"2020-07-08T15:10:34","guid":{"rendered":"https:\/\/www.giurgiuveanul.ro\/stiri\/?p=71529"},"modified":"2020-07-08T18:10:50","modified_gmt":"2020-07-08T15:10:50","slug":"aveti-nevoie-de-psiholog-logoped-s-a-deschis-cabinetul-de-psihologie-clinica-terapii-de-scurta-durata-si-psihopedagogie-speciala-logopedie-popescu-tinela-marga","status":"publish","type":"post","link":"https:\/\/www.giurgiuveanul.ro\/stiri\/aveti-nevoie-de-psiholog-logoped-s-a-deschis-cabinetul-de-psihologie-clinica-terapii-de-scurta-durata-si-psihopedagogie-speciala-logopedie-popescu-tinela-marga\/","title":{"rendered":"Ave\u0163i nevoie de psiholog logoped? S-a deschis Cabinetul de Psihologie clinic\u0103 &#8211; terapii de scurt\u0103 durat\u0103 \u015fi psihopedagogie special\u0103 &#8211; logopedie &#8211; Popescu Tinela Marga!"},"content":{"rendered":"<p style=\"text-align: justify;\"><strong><a href=\"https:\/\/www.giurgiuveanul.ro\/stiri\/wp-content\/uploads\/2020\/07\/107362109_1385019341698094_2736609932876069149_o.jpg\"><img loading=\"lazy\" decoding=\"async\" class=\"aligncenter  wp-image-71531\" src=\"https:\/\/www.giurgiuveanul.ro\/stiri\/wp-content\/uploads\/2020\/07\/107362109_1385019341698094_2736609932876069149_o-521x450.jpg\" alt=\"\" width=\"562\" height=\"485\" srcset=\"https:\/\/www.giurgiuveanul.ro\/stiri\/wp-content\/uploads\/2020\/07\/107362109_1385019341698094_2736609932876069149_o-521x450.jpg 521w, https:\/\/www.giurgiuveanul.ro\/stiri\/wp-content\/uploads\/2020\/07\/107362109_1385019341698094_2736609932876069149_o-250x216.jpg 250w, https:\/\/www.giurgiuveanul.ro\/stiri\/wp-content\/uploads\/2020\/07\/107362109_1385019341698094_2736609932876069149_o-768x663.jpg 768w, https:\/\/www.giurgiuveanul.ro\/stiri\/wp-content\/uploads\/2020\/07\/107362109_1385019341698094_2736609932876069149_o-400x345.jpg 400w, https:\/\/www.giurgiuveanul.ro\/stiri\/wp-content\/uploads\/2020\/07\/107362109_1385019341698094_2736609932876069149_o.jpg 960w\" sizes=\"auto, (max-width: 562px) 100vw, 562px\" \/><\/a>V\u0103 recomand\u0103m<!--more--> Cabinetul de Psihologie clinic\u0103 &#8211; terapii de scurt\u0103 durat\u0103 \u015fi psihopedagogie special\u0103 &#8211; logopedie &#8211; Popescu Tinela Marga!<\/strong><\/p>\n<p><a href=\"https:\/\/www.giurgiuveanul.ro\/stiri\/wp-content\/uploads\/2020\/07\/106987502_1385020018364693_4261587722644876623_o.jpg\"><img loading=\"lazy\" decoding=\"async\" class=\"aligncenter size-large wp-image-71533\" src=\"https:\/\/www.giurgiuveanul.ro\/stiri\/wp-content\/uploads\/2020\/07\/106987502_1385020018364693_4261587722644876623_o-560x374.jpg\" alt=\"\" width=\"560\" height=\"374\" srcset=\"https:\/\/www.giurgiuveanul.ro\/stiri\/wp-content\/uploads\/2020\/07\/106987502_1385020018364693_4261587722644876623_o-560x374.jpg 560w, https:\/\/www.giurgiuveanul.ro\/stiri\/wp-content\/uploads\/2020\/07\/106987502_1385020018364693_4261587722644876623_o-250x167.jpg 250w, https:\/\/www.giurgiuveanul.ro\/stiri\/wp-content\/uploads\/2020\/07\/106987502_1385020018364693_4261587722644876623_o-768x513.jpg 768w, https:\/\/www.giurgiuveanul.ro\/stiri\/wp-content\/uploads\/2020\/07\/106987502_1385020018364693_4261587722644876623_o-1536x1025.jpg 1536w, https:\/\/www.giurgiuveanul.ro\/stiri\/wp-content\/uploads\/2020\/07\/106987502_1385020018364693_4261587722644876623_o-400x267.jpg 400w, https:\/\/www.giurgiuveanul.ro\/stiri\/wp-content\/uploads\/2020\/07\/106987502_1385020018364693_4261587722644876623_o.jpg 1750w\" sizes=\"auto, (max-width: 560px) 100vw, 560px\" \/><\/a> <a href=\"https:\/\/www.giurgiuveanul.ro\/stiri\/wp-content\/uploads\/2020\/07\/107100917_1385019981698030_2691311055045288766_o.jpg\"><img loading=\"lazy\" decoding=\"async\" class=\"aligncenter size-large wp-image-71534\" src=\"https:\/\/www.giurgiuveanul.ro\/stiri\/wp-content\/uploads\/2020\/07\/107100917_1385019981698030_2691311055045288766_o-560x385.jpg\" alt=\"\" width=\"560\" height=\"385\" srcset=\"https:\/\/www.giurgiuveanul.ro\/stiri\/wp-content\/uploads\/2020\/07\/107100917_1385019981698030_2691311055045288766_o-560x385.jpg 560w, https:\/\/www.giurgiuveanul.ro\/stiri\/wp-content\/uploads\/2020\/07\/107100917_1385019981698030_2691311055045288766_o-250x172.jpg 250w, https:\/\/www.giurgiuveanul.ro\/stiri\/wp-content\/uploads\/2020\/07\/107100917_1385019981698030_2691311055045288766_o-768x528.jpg 768w, https:\/\/www.giurgiuveanul.ro\/stiri\/wp-content\/uploads\/2020\/07\/107100917_1385019981698030_2691311055045288766_o-1536x1057.jpg 1536w, https:\/\/www.giurgiuveanul.ro\/stiri\/wp-content\/uploads\/2020\/07\/107100917_1385019981698030_2691311055045288766_o-400x275.jpg 400w, https:\/\/www.giurgiuveanul.ro\/stiri\/wp-content\/uploads\/2020\/07\/107100917_1385019981698030_2691311055045288766_o.jpg 1750w\" sizes=\"auto, (max-width: 560px) 100vw, 560px\" \/><\/a> <a href=\"https:\/\/www.giurgiuveanul.ro\/stiri\/wp-content\/uploads\/2020\/07\/107456110_1385020061698022_5210733928167232363_o.jpg\"><img loading=\"lazy\" decoding=\"async\" class=\"aligncenter size-large wp-image-71535\" src=\"https:\/\/www.giurgiuveanul.ro\/stiri\/wp-content\/uploads\/2020\/07\/107456110_1385020061698022_5210733928167232363_o-560x417.jpg\" alt=\"\" width=\"560\" height=\"417\" srcset=\"https:\/\/www.giurgiuveanul.ro\/stiri\/wp-content\/uploads\/2020\/07\/107456110_1385020061698022_5210733928167232363_o-560x417.jpg 560w, https:\/\/www.giurgiuveanul.ro\/stiri\/wp-content\/uploads\/2020\/07\/107456110_1385020061698022_5210733928167232363_o-250x186.jpg 250w, https:\/\/www.giurgiuveanul.ro\/stiri\/wp-content\/uploads\/2020\/07\/107456110_1385020061698022_5210733928167232363_o-768x572.jpg 768w, https:\/\/www.giurgiuveanul.ro\/stiri\/wp-content\/uploads\/2020\/07\/107456110_1385020061698022_5210733928167232363_o-1536x1145.jpg 1536w, https:\/\/www.giurgiuveanul.ro\/stiri\/wp-content\/uploads\/2020\/07\/107456110_1385020061698022_5210733928167232363_o-400x298.jpg 400w, https:\/\/www.giurgiuveanul.ro\/stiri\/wp-content\/uploads\/2020\/07\/107456110_1385020061698022_5210733928167232363_o.jpg 1750w\" sizes=\"auto, (max-width: 560px) 100vw, 560px\" \/><\/a><\/p>\n<p style=\"text-align: justify;\">Este psiholog clinician cu drept de liber\u0103 practic\u0103 din anul 2008, este atestat\u0103 de liber\u0103 practic\u0103 \u00een psihopedagogie special\u0103 &#8211; logopedie \u015fi urmeaz\u0103 specialit\u0103\u021bi de competen\u021b\u0103 acreditate de Colegiul Psihologilor din Rom\u00e2nia, respectiv Master \u00een Psihopedagogia special\u0103 a \u0219colii incluzive \u015fi Master \u00een Psihologia muncii, transporturilor \u015fi serviciilor &#8211; Universitatea Bucure\u0219ti.<\/p>\n<p><a href=\"https:\/\/www.giurgiuveanul.ro\/stiri\/wp-content\/uploads\/2020\/07\/107096519_1385020121698016_5871671859116829773_o.jpg\"><img loading=\"lazy\" decoding=\"async\" class=\"aligncenter size-large wp-image-71536\" src=\"https:\/\/www.giurgiuveanul.ro\/stiri\/wp-content\/uploads\/2020\/07\/107096519_1385020121698016_5871671859116829773_o-560x401.jpg\" alt=\"\" width=\"560\" height=\"401\" srcset=\"https:\/\/www.giurgiuveanul.ro\/stiri\/wp-content\/uploads\/2020\/07\/107096519_1385020121698016_5871671859116829773_o-560x401.jpg 560w, https:\/\/www.giurgiuveanul.ro\/stiri\/wp-content\/uploads\/2020\/07\/107096519_1385020121698016_5871671859116829773_o-250x179.jpg 250w, https:\/\/www.giurgiuveanul.ro\/stiri\/wp-content\/uploads\/2020\/07\/107096519_1385020121698016_5871671859116829773_o-768x550.jpg 768w, https:\/\/www.giurgiuveanul.ro\/stiri\/wp-content\/uploads\/2020\/07\/107096519_1385020121698016_5871671859116829773_o-1536x1100.jpg 1536w, https:\/\/www.giurgiuveanul.ro\/stiri\/wp-content\/uploads\/2020\/07\/107096519_1385020121698016_5871671859116829773_o-400x286.jpg 400w, https:\/\/www.giurgiuveanul.ro\/stiri\/wp-content\/uploads\/2020\/07\/107096519_1385020121698016_5871671859116829773_o.jpg 1750w\" sizes=\"auto, (max-width: 560px) 100vw, 560px\" \/><\/a><\/p>\n<p style=\"text-align: justify;\">Motiva\u021bia pentru a aborda consilierea \u0219colar\u0103 \u0219i grupuri de dezvoltare personal\u0103 a survenit \u00een urma experien\u021bei \u00een perioada 2007-2009, c\u00e2nd a sus\u021binut, \u00eempreun\u0103 cu dou\u0103 colege, grupuri de dezvoltare personal\u0103 adresate copiilor ai c\u0103ror p\u0103rin\u021bi erau interesa\u021bi de integrarea copiilor \u00een \u015fcoal\u0103 \u015fi intercomunicare.<\/p>\n<p style=\"text-align: justify;\">Din 2019 \u015fi \u00een prezent, colaboreaz\u0103 cu Societatea civil\u0103 de psihoogie pe grupuri de dezvoltare personal\u0103 pentru copiii de gr\u0103dini\u021b\u0103 \u0219i gimnaziu, logopedie \u015fi terapie de scurt\u0103 durat\u0103.<\/p>\n<p style=\"text-align: justify;\">De cur\u00e2nd \u015fi-a deschis propriul cabinet in Giurgiu, strada Mare\u0219al Foch, Bl.2, parter, apartament 4, aflat \u00een apropiere de Teatrul \u201eTudor Vianu\u201d: Cabinetul de Psihologie clinic\u0103 &#8211; terapii de scurt\u0103 durat\u0103 \u015fi psihopedagogie special\u0103 &#8211; logopedie -Popescu Tinela Marga.<\/p>\n<p><a href=\"https:\/\/www.giurgiuveanul.ro\/stiri\/wp-content\/uploads\/2020\/07\/106910788_1385020201698008_7102674113103930405_o.jpg\"><img loading=\"lazy\" decoding=\"async\" class=\"aligncenter size-large wp-image-71532\" src=\"https:\/\/www.giurgiuveanul.ro\/stiri\/wp-content\/uploads\/2020\/07\/106910788_1385020201698008_7102674113103930405_o-560x420.jpg\" alt=\"\" width=\"560\" height=\"420\" srcset=\"https:\/\/www.giurgiuveanul.ro\/stiri\/wp-content\/uploads\/2020\/07\/106910788_1385020201698008_7102674113103930405_o-560x420.jpg 560w, https:\/\/www.giurgiuveanul.ro\/stiri\/wp-content\/uploads\/2020\/07\/106910788_1385020201698008_7102674113103930405_o-250x188.jpg 250w, https:\/\/www.giurgiuveanul.ro\/stiri\/wp-content\/uploads\/2020\/07\/106910788_1385020201698008_7102674113103930405_o-768x576.jpg 768w, https:\/\/www.giurgiuveanul.ro\/stiri\/wp-content\/uploads\/2020\/07\/106910788_1385020201698008_7102674113103930405_o-1536x1152.jpg 1536w, https:\/\/www.giurgiuveanul.ro\/stiri\/wp-content\/uploads\/2020\/07\/106910788_1385020201698008_7102674113103930405_o-400x300.jpg 400w, https:\/\/www.giurgiuveanul.ro\/stiri\/wp-content\/uploads\/2020\/07\/106910788_1385020201698008_7102674113103930405_o.jpg 1750w\" sizes=\"auto, (max-width: 560px) 100vw, 560px\" \/><\/a><\/p>\n<p>Detalii pe pagina de Facebook <a href=\"https:\/\/www.facebook.com\/popescutinelalogoped\/\"><span class=\"_4yxo\">https:\/\/www.facebook.com\/popescutinelalogoped\/<\/span><\/a>\u015fi la telefon <strong><span class=\"_4yxo\">0769.824.830<\/span><\/strong><\/p>\n","protected":false},"excerpt":{"rendered":"<p>V\u0103 recomand\u0103m<\/p>\n","protected":false},"author":2,"featured_media":0,"comment_status":"open","ping_status":"open","sticky":false,"template":"","format":"standard","meta":{"footnotes":""},"categories":[6],"tags":[],"class_list":["post-71529","post","type-post","status-publish","format-standard","hentry","category-breaking-news"],"_links":{"self":[{"href":"https:\/\/www.giurgiuveanul.ro\/stiri\/wp-json\/wp\/v2\/posts\/71529","targetHints":{"allow":["GET"]}}],"collection":[{"href":"https:\/\/www.giurgiuveanul.ro\/stiri\/wp-json\/wp\/v2\/posts"}],"about":[{"href":"https:\/\/www.giurgiuveanul.ro\/stiri\/wp-json\/wp\/v2\/types\/post"}],"author":[{"embeddable":true,"href":"https:\/\/www.giurgiuveanul.ro\/stiri\/wp-json\/wp\/v2\/users\/2"}],"replies":[{"embeddable":true,"href":"https:\/\/www.giurgiuveanul.ro\/stiri\/wp-json\/wp\/v2\/comments?post=71529"}],"version-history":[{"count":0,"href":"https:\/\/www.giurgiuveanul.ro\/stiri\/wp-json\/wp\/v2\/posts\/71529\/revisions"}],"wp:attachment":[{"href":"https:\/\/www.giurgiuveanul.ro\/stiri\/wp-json\/wp\/v2\/media?parent=71529"}],"wp:term":[{"taxonomy":"category","embeddable":true,"href":"https:\/\/www.giurgiuveanul.ro\/stiri\/wp-json\/wp\/v2\/categories?post=71529"},{"taxonomy":"post_tag","embeddable":true,"href":"https:\/\/www.giurgiuveanul.ro\/stiri\/wp-json\/wp\/v2\/tags?post=71529"}],"curies":[{"name":"wp","href":"https:\/\/api.w.org\/{rel}","templated":true}]}}