{"id":72134,"date":"2020-08-03T19:48:39","date_gmt":"2020-08-03T16:48:39","guid":{"rendered":"https:\/\/www.giurgiuveanul.ro\/stiri\/?p=72134"},"modified":"2020-08-03T19:57:00","modified_gmt":"2020-08-03T16:57:00","slug":"sondaj-87-la-suta-dintre-locuitori-il-voteaza-tot-pe-viorel-rotaru-in-functia-de-primar-al-comunei-baneasa-cum-stau-contracandidatii-sai","status":"publish","type":"post","link":"https:\/\/www.giurgiuveanul.ro\/stiri\/sondaj-87-la-suta-dintre-locuitori-il-voteaza-tot-pe-viorel-rotaru-in-functia-de-primar-al-comunei-baneasa-cum-stau-contracandidatii-sai\/","title":{"rendered":"SONDAJ. 87 la sut\u0103 dintre locuitori \u00eel voteaz\u0103 tot pe Viorel Rotaru \u00een func\u021bia de primar al comunei B\u0103neasa. Cum stau contracandida\u0163ii s\u0103i"},"content":{"rendered":"<p style=\"text-align: justify;\"><a href=\"https:\/\/www.giurgiuveanul.ro\/stiri\/wp-content\/uploads\/2020\/07\/WhatsApp-Image-2020-07-26-at-16.15.26-scaled.jpg\"><img loading=\"lazy\" decoding=\"async\" class=\"aligncenter wp-image-71969\" src=\"https:\/\/www.giurgiuveanul.ro\/stiri\/wp-content\/uploads\/2020\/07\/WhatsApp-Image-2020-07-26-at-16.15.26-301x450.jpg\" alt=\"\" width=\"436\" height=\"652\" srcset=\"https:\/\/www.giurgiuveanul.ro\/stiri\/wp-content\/uploads\/2020\/07\/WhatsApp-Image-2020-07-26-at-16.15.26-301x450.jpg 301w, https:\/\/www.giurgiuveanul.ro\/stiri\/wp-content\/uploads\/2020\/07\/WhatsApp-Image-2020-07-26-at-16.15.26-201x300.jpg 201w, https:\/\/www.giurgiuveanul.ro\/stiri\/wp-content\/uploads\/2020\/07\/WhatsApp-Image-2020-07-26-at-16.15.26-768x1147.jpg 768w, https:\/\/www.giurgiuveanul.ro\/stiri\/wp-content\/uploads\/2020\/07\/WhatsApp-Image-2020-07-26-at-16.15.26-1029x1536.jpg 1029w, https:\/\/www.giurgiuveanul.ro\/stiri\/wp-content\/uploads\/2020\/07\/WhatsApp-Image-2020-07-26-at-16.15.26-1372x2048.jpg 1372w, https:\/\/www.giurgiuveanul.ro\/stiri\/wp-content\/uploads\/2020\/07\/WhatsApp-Image-2020-07-26-at-16.15.26-400x597.jpg 400w, https:\/\/www.giurgiuveanul.ro\/stiri\/wp-content\/uploads\/2020\/07\/WhatsApp-Image-2020-07-26-at-16.15.26-scaled.jpg 1715w\" sizes=\"auto, (max-width: 436px) 100vw, 436px\" \/><\/a>La B\u0103neasa<!--more--> a fost realizat, recent, un sondaj privind op\u0163iunile de vot la alegerile locale, din care reiese clar diferen\u0163a dintre candidatul PSD, Viorel Rotaru \u015fi cel al PNL, Gic\u0103 G\u00e2sc\u0103.<\/p>\n<p style=\"text-align: justify;\">Astfel, Viorel Rotaru ar c\u00e2\u0219tiga alegerile locale din toamna acestui an, el fiind creditat cu inten\u021bii de vot de <strong>87 la sut\u0103<\/strong>, \u00een timp ce urm\u0103torul candidat, Gic\u0103 G\u00e2sc\u0103 fiind creditat cu <strong>10 la sut\u0103<\/strong>, deci cu foarte multe procente \u00een spate.<\/p>\n<p style=\"text-align: justify;\">Potrivit aceluia\u015fi sondaj, candida\u0163ii <strong>USR, ProRomania, PMP \u015fi ALDE<\/strong> \u015fi-au \u00eemp\u0103r\u0163it \u00een mod egal ultimele trei procente r\u0103mase de la principalii competitori, \u00eens\u0103 niciunul nedep\u0103\u015find <strong>1%<\/strong>.<\/p>\n","protected":false},"excerpt":{"rendered":"<p>La B\u0103neasa<\/p>\n","protected":false},"author":2,"featured_media":0,"comment_status":"open","ping_status":"open","sticky":false,"template":"","format":"standard","meta":{"footnotes":""},"categories":[6],"tags":[],"class_list":["post-72134","post","type-post","status-publish","format-standard","hentry","category-breaking-news"],"_links":{"self":[{"href":"https:\/\/www.giurgiuveanul.ro\/stiri\/wp-json\/wp\/v2\/posts\/72134","targetHints":{"allow":["GET"]}}],"collection":[{"href":"https:\/\/www.giurgiuveanul.ro\/stiri\/wp-json\/wp\/v2\/posts"}],"about":[{"href":"https:\/\/www.giurgiuveanul.ro\/stiri\/wp-json\/wp\/v2\/types\/post"}],"author":[{"embeddable":true,"href":"https:\/\/www.giurgiuveanul.ro\/stiri\/wp-json\/wp\/v2\/users\/2"}],"replies":[{"embeddable":true,"href":"https:\/\/www.giurgiuveanul.ro\/stiri\/wp-json\/wp\/v2\/comments?post=72134"}],"version-history":[{"count":0,"href":"https:\/\/www.giurgiuveanul.ro\/stiri\/wp-json\/wp\/v2\/posts\/72134\/revisions"}],"wp:attachment":[{"href":"https:\/\/www.giurgiuveanul.ro\/stiri\/wp-json\/wp\/v2\/media?parent=72134"}],"wp:term":[{"taxonomy":"category","embeddable":true,"href":"https:\/\/www.giurgiuveanul.ro\/stiri\/wp-json\/wp\/v2\/categories?post=72134"},{"taxonomy":"post_tag","embeddable":true,"href":"https:\/\/www.giurgiuveanul.ro\/stiri\/wp-json\/wp\/v2\/tags?post=72134"}],"curies":[{"name":"wp","href":"https:\/\/api.w.org\/{rel}","templated":true}]}}